{"id":2072,"date":"2015-03-11T06:00:00","date_gmt":"2015-03-11T06:00:00","guid":{"rendered":"http:\/\/plazajuarez.mx\/index\/index.php\/2015\/03\/11\/reforma-en-telecomunicaciones-genero-6-mil-mdd-en-inversion-extranjera-sct\/"},"modified":"2015-03-11T06:00:00","modified_gmt":"2015-03-11T06:00:00","slug":"reforma-en-telecomunicaciones-genero-6-mil-mdd-en-inversion-extranjera-sct","status":"publish","type":"post","link":"https:\/\/plazajuarez.mx\/historico\/reforma-en-telecomunicaciones-genero-6-mil-mdd-en-inversion-extranjera-sct\/","title":{"rendered":"Reforma en telecomunicaciones gener\u00f3  6 mil mdd en inversi\u00f3n extranjera: SCT"},"content":{"rendered":"<p>M\u00e9xico, DF.- En el corto plazo la reforma en telecomunicaciones y radiodifusi\u00f3n dio como resultado la llegada de 6 mil millones de d\u00f3lares de inversi\u00f3n extranjera, las familias y empresas gastan menos en telefon\u00eda y cada vez hay m\u00e1s usuarios de Internet, asegur\u00f3 el secretario de Comunicaciones y Transportes, Gerardo Ruiz Esparza al hacer la presentaci\u00f3n de los avances de la reforma.<\/p>\n<p>  <!--more-->  <\/p>\n<p>\u00a0<\/p>\n<p>El funcionario adelant\u00f3 que este mi\u00e9rcoles se publicar\u00e1 en el portal de la SCT la solicitud de manifestaciones de inter\u00e9s para el desarrollo de la Red Compartida con lo que se da inicio a la licitaci\u00f3n tambi\u00e9n impulsada por la reforma, y con la que el gobierno federal espera una inversi\u00f3n de 10 mil millones de d\u00f3lares.<\/p>\n<p>Ruiz Esparza asegur\u00f3 que en M\u00e9xico la regulaci\u00f3n de las telecomunicaciones es menos restrictiva, incluso abajo del promedio de los pa\u00edses miembros de la Organizaci\u00f3n para la Cooperaci\u00f3n y Desarrollo Econ\u00f3mico; dijo que antes de la reforma esta industria en el pa\u00eds presentaba altos \u00edndices de concentraci\u00f3n y &#8220;las pr\u00e1cticas monop\u00f3licas eran la norma&#8221;; pero &#8220;hoy los ojos de los inversionistas est\u00e1n puestos en M\u00e9xico como uno de los pa\u00edses con m\u00e1s oportunidades para la actividades econ\u00f3micas y el desarrollo&#8221;.<\/p>\n<p>En el evento al que fueron invitados empresarios del sector, reguladores y especialistas, el presidente del Instituto Federal de Telecomunicaciones, Gabriel Contreras dijo que ahora &#8220;sin duda hay m\u00e1s competencia&#8221;, han bajado los precios y hay m\u00e1s beneficios para los usuarios de estos servicios, pero el reto es que contin\u00fae la mejora y cada vez haya mejores condiciones.<\/p>\n<p>Para apoyar los resultados de la reforma a telecomunicaciones y radiodifusi\u00f3n expusieron los beneficios en sus \u00e1reas, la secretaria de Desarrollo Social, Rosario Robles; el secretario de Educaci\u00f3n, Emilio Chuayfet; y el secretario de Econom\u00eda, Ildefonso Guajardo. (Agencias)<\/p>\n","protected":false},"excerpt":{"rendered":"<p>M\u00e9xico, DF.- En el corto plazo la reforma en telecomunicaciones y radiodifusi\u00f3n dio como resultado la llegada de 6 mil millones de d\u00f3lares de inversi\u00f3n extranjera, las familias y empresas gastan menos en telefon\u00eda y cada vez hay m\u00e1s usuarios de Internet, asegur\u00f3 el secretario de Comunicaciones y Transportes, Gerardo Ruiz Esparza al hacer la [&hellip;]<\/p>\n","protected":false},"author":93,"featured_media":0,"comment_status":"open","ping_status":"open","sticky":false,"template":"","format":"standard","meta":{"footnotes":""},"categories":[36],"tags":[],"class_list":["post-2072","post","type-post","status-publish","format-standard","hentry","category-nacion"],"_links":{"self":[{"href":"https:\/\/plazajuarez.mx\/historico\/wp-json\/wp\/v2\/posts\/2072","targetHints":{"allow":["GET"]}}],"collection":[{"href":"https:\/\/plazajuarez.mx\/historico\/wp-json\/wp\/v2\/posts"}],"about":[{"href":"https:\/\/plazajuarez.mx\/historico\/wp-json\/wp\/v2\/types\/post"}],"author":[{"embeddable":true,"href":"https:\/\/plazajuarez.mx\/historico\/wp-json\/wp\/v2\/users\/93"}],"replies":[{"embeddable":true,"href":"https:\/\/plazajuarez.mx\/historico\/wp-json\/wp\/v2\/comments?post=2072"}],"version-history":[{"count":0,"href":"https:\/\/plazajuarez.mx\/historico\/wp-json\/wp\/v2\/posts\/2072\/revisions"}],"wp:attachment":[{"href":"https:\/\/plazajuarez.mx\/historico\/wp-json\/wp\/v2\/media?parent=2072"}],"wp:term":[{"taxonomy":"category","embeddable":true,"href":"https:\/\/plazajuarez.mx\/historico\/wp-json\/wp\/v2\/categories?post=2072"},{"taxonomy":"post_tag","embeddable":true,"href":"https:\/\/plazajuarez.mx\/historico\/wp-json\/wp\/v2\/tags?post=2072"}],"curies":[{"name":"wp","href":"https:\/\/api.w.org\/{rel}","templated":true}]}}