{"id":20719,"date":"2016-05-06T11:37:40","date_gmt":"2016-05-06T11:37:40","guid":{"rendered":"http:\/\/plazajuarez.mx\/index\/index.php\/2016\/05\/06\/erdogan-fuerza-la-salida-de-su-primer-ministro\/"},"modified":"2016-05-06T11:37:40","modified_gmt":"2016-05-06T11:37:40","slug":"erdogan-fuerza-la-salida-de-su-primer-ministro","status":"publish","type":"post","link":"https:\/\/plazajuarez.mx\/historico\/erdogan-fuerza-la-salida-de-su-primer-ministro\/","title":{"rendered":"Erdogan fuerza la salida de su primer ministro"},"content":{"rendered":"<p><strong>Crisis pol\u00edtica en Turqu\u00eda<\/strong><\/p>\n<ul>\n<li><strong><strong>El gobernante AKP celebra un congreso extraordinario al que no se presentar\u00e1 Davutoglu<\/strong><\/strong> <!--more--> <\/li>\n<\/ul>\n<p>En medio la multiplicaci\u00f3n de acusaciones hacia su persona, Davutoglu se dirigi\u00f3 el martes a su grupo parlamentario con un discurso cr\u00edptico: \u201cPodr\u00eda rechazar cualquier puesto, pero no destrozar\u00e9 el coraz\u00f3n de mis amigos, con los que comparto la causa com\u00fan de este sagrado movimiento\u201d. El mi\u00e9rcoles fue recibido por Erdogan en un ambiente de gran tensi\u00f3n entre ambos y, aunque Davutoglu no present\u00f3 su dimisi\u00f3n como se especulaba, s\u00ed que se pact\u00f3 su salida del AKP y del Ejecutivo.<\/p>\n<p>La cada vez m\u00e1s evidente ambici\u00f3n del jefe de Estado turco, Recep Tayyip Erdogan, de sustituir el r\u00e9gimen parlamentario de su pa\u00eds por un sistema presidencialista, abri\u00f3 una importante brecha con su primer ministro, Ahmet Davutoglu, y ha llevado a una crisis en el seno del partido gobernante y en el Ejecutivo. Tras varias reuniones entre los dos mandatarios y de la c\u00fapula del Partido de la Justicia y el Desarrollo (AKP), se ha decidido convocar un congreso extraordinario el pr\u00f3ximo 22 de mayo para renovar al presidente de la formaci\u00f3n islamista y en el que Davutoglu no concurrir\u00e1 como candidato.<\/p>\n<p>No es la primera ocasi\u00f3n en que las aspiraciones del l\u00edder turco sumen al pa\u00eds en la inestabilidad: ya ocurri\u00f3 cuando el actual presidente boicote\u00f3 todo tipo de acuerdo con la oposici\u00f3n para formar un Gobierno de coalici\u00f3n tras las elecciones del pasado junio, en la que el Partido de la Justicia y el Desarrollo (AKP) perdi\u00f3 su mayor\u00eda absoluta por primera vez desde que lleg\u00f3 al poder en 2002. En aquella ocasi\u00f3n, la apuesta, si bien costosa para el pa\u00eds \u2013la lira se hundi\u00f3 y aument\u00f3 la polarizaci\u00f3n pol\u00edtica y social-, dio buen resultado para Erdogan, pues el AKP recuper\u00f3 el control del hemiciclo.<\/p>\n<p>\u201cNo creo que sea candidato en el pr\u00f3ximo congreso, dadas las circunstancias\u201d, afirm\u00f3 Davutoglu ante la prensa explicando que, cuando el accedi\u00f3 al puesto, el modelo a seguir era el de \u201cun presidente fuerte y un primer ministro fuerte\u201d. \u201cErdogan me dijo que no quer\u00eda un primer ministro florero y trabaj\u00e9 seg\u00fan esas indicaciones\u201d, se justific\u00f3 antes de reconocer que \u201cahora empieza un periodo nuevo\u201d. Asegur\u00f3 que no deja su cargo dolido con nadie y, mucho menos, con el presidente Erdogan, al que siempre le ha unido una gran \u201camistad\u201d. \u201cLa unidad del partido es lo que m\u00e1s me importa\u201d, afirm\u00f3.<\/p>\n","protected":false},"excerpt":{"rendered":"<p>Crisis pol\u00edtica en Turqu\u00eda El gobernante AKP celebra un congreso extraordinario al que no se presentar\u00e1 Davutoglu<\/p>\n","protected":false},"author":93,"featured_media":0,"comment_status":"open","ping_status":"open","sticky":false,"template":"","format":"standard","meta":{"footnotes":""},"categories":[31],"tags":[],"class_list":["post-20719","post","type-post","status-publish","format-standard","hentry","category-orbe"],"_links":{"self":[{"href":"https:\/\/plazajuarez.mx\/historico\/wp-json\/wp\/v2\/posts\/20719","targetHints":{"allow":["GET"]}}],"collection":[{"href":"https:\/\/plazajuarez.mx\/historico\/wp-json\/wp\/v2\/posts"}],"about":[{"href":"https:\/\/plazajuarez.mx\/historico\/wp-json\/wp\/v2\/types\/post"}],"author":[{"embeddable":true,"href":"https:\/\/plazajuarez.mx\/historico\/wp-json\/wp\/v2\/users\/93"}],"replies":[{"embeddable":true,"href":"https:\/\/plazajuarez.mx\/historico\/wp-json\/wp\/v2\/comments?post=20719"}],"version-history":[{"count":0,"href":"https:\/\/plazajuarez.mx\/historico\/wp-json\/wp\/v2\/posts\/20719\/revisions"}],"wp:attachment":[{"href":"https:\/\/plazajuarez.mx\/historico\/wp-json\/wp\/v2\/media?parent=20719"}],"wp:term":[{"taxonomy":"category","embeddable":true,"href":"https:\/\/plazajuarez.mx\/historico\/wp-json\/wp\/v2\/categories?post=20719"},{"taxonomy":"post_tag","embeddable":true,"href":"https:\/\/plazajuarez.mx\/historico\/wp-json\/wp\/v2\/tags?post=20719"}],"curies":[{"name":"wp","href":"https:\/\/api.w.org\/{rel}","templated":true}]}}