{"id":207139,"date":"2022-03-11T11:36:45","date_gmt":"2022-03-11T17:36:45","guid":{"rendered":"https:\/\/plazajuarez.mx\/?p=207139"},"modified":"2022-03-11T11:36:56","modified_gmt":"2022-03-11T17:36:56","slug":"ballena_gris","status":"publish","type":"post","link":"https:\/\/plazajuarez.mx\/historico\/ballena_gris\/","title":{"rendered":"La ballena gris vuelve a deleitar a miles de turistas en M\u00e9xico"},"content":{"rendered":"\n<p>Arturo Villegas, mexicano residente en Los \u00c1ngeles (EE.UU.) disfruta del tradicional avistamiento de ballenas grises en la pen\u00ednsula de Baja California, una temporada que tras dos duros a\u00f1os marcados por la pandemia de coronavirus ahora est\u00e1 recuperando su habitual n\u00famero de turistas.<\/p>\n\n\n\n<p>La experiencia &#8220;es padr\u00edsima&#8221;, dice a Efe Villegas, de ascendencia mexicana pero residente en Los \u00c1ngeles, quien visita el noroccidental estado Baja California Sur todos los a\u00f1os para ver a este afable y juguet\u00f3n cet\u00e1ceo acercarse a la barca e incluso dejarse acariciar.<\/p>\n\n\n\n<p>&#8220;Ahora estuvimos recorriendo casi cinco kil\u00f3metros con una ballena y su cr\u00eda que estuvieron present\u00e1ndose con nosotros todo el tiempo\u201d, afirma.<\/p>\n\n\n\n<p>Una alegr\u00eda similar transmite el joven Carlos Rodr\u00edguez, mexicano de La Paz (Baja California Sur).<\/p>\n\n\n\n<p>&#8220;La ballena se acerc\u00f3 tanto a la embarcaci\u00f3n que pr\u00e1cticamente pod\u00eda tocarla, nunca fue necesario aproximarse a ella, parec\u00eda como si le encantara jugar con las embarcaciones\u201d, explica a Efe emocionado tras ver al gigante animal, que puede llegar a medir alrededor de 15 metros de longitud y pesar unas 30 toneladas.<\/p>\n\n\n\n<p>RENACIMIENTO TUR\u00cdSTICO<\/p>\n\n\n\n<p>El pasado mes de diciembre de 2021 se dio inicio a la temporada de avistamiento de ballena gris (Eschrichtius robustus) en los santuarios balleneros del Pac\u00edfico Mexicano.<\/p>\n\n\n\n<p>Espec\u00edficamente, en las lagunas saladas de Baja California Sur, donde habitualmente concluye la visita de este ic\u00f3nico animal el 30 de abril de este a\u00f1o.<\/p>\n\n\n\n<p>Esta temporada empez\u00f3 algo irregular tras dos a\u00f1os de una marcada ca\u00edda del turismo debido a las medidas sanitarias implementadas en buena parte del mundo por la pandemia de covid-19.<\/p>\n\n\n\n<p>No obstante, en las \u00faltimas semanas se ha llegado a niveles de visitantes parecidos a los prepand\u00e9micos.<\/p>\n\n\n\n<p>En promedio, llegan anualmente tan solo a Puerto Adolfo L\u00f3pez Mateos \u2014uno de los santuarios balleneros m\u00e1s importantes de la regi\u00f3n\u2014 m\u00e1s de 60.000 turistas, quienes dejan un promedio de 100 d\u00f3lares por persona.<\/p>\n\n\n\n<p>Francisco Arag\u00f3n es oriundo de este balneario y pescador de profesi\u00f3n, ha desarrollado su vida junto al mar y en temporada se desempe\u00f1a como un destacado capit\u00e1n, llevando a centenares de turistas, nacionales y extranjeros, a su encuentro con el cet\u00e1ceo.<\/p>\n\n\n\n<p>Panchito, como lo conocen sus compa\u00f1eros, asegura que la temporada inici\u00f3 floja, pero ha ido mejorando con el transcurrir de las semanas.<\/p>\n\n\n\n<p>El sector est\u00e1 comprometido en \u201csalvaguardar la salud del turista y se siguen firmemente las normas de salud&#8221;, explica el pescador.<\/p>\n\n\n\n<p>&#8220;Es muy importante que los turistas vengan. Actualmente, la pesca est\u00e1 muy escasa y esta actividad con la ballena es una manera de llevar el sustento a la familia y darle educaci\u00f3n a nuestros hijos&#8221;, agrega el hombre.<\/p>\n\n\n\n<p>UNA LARGA TRAVES\u00cdA<\/p>\n\n\n\n<p>Todos los a\u00f1os la ballena gris realiza una de la migraciones m\u00e1s largas registradas de un mam\u00edfero, pues viaja m\u00e1s de 8.000 kil\u00f3metros desde las fr\u00edas aguas del mar de Bering hasta las ricas y tranquilas lagunas costeras de Baja California Sur para reproducirse y dar a luz.<\/p>\n\n\n\n<p>Seg\u00fan datos de la Comisi\u00f3n Nacional de \u00c1reas Naturales Protegidas (Conanp) de M\u00e9xico, en la temporada anterior se registr\u00f3 el nacimiento de 359 ballenatos y la presencia de 872 ejemplares adultos, dando un total de 1.231 ballenas en los santuarios balleneros de la Reserva El Vizca\u00edno (Laguna Guerrero Negro y Ojo de Liebre).<\/p>\n\n\n\n<p>En los primeros meses de su llegada y luego de haber nacido la mayor\u00eda de las cr\u00edas, se presenta en el cet\u00e1ceo el llamado comportamiento de la &#8220;ballena amistosa\u201d.<\/p>\n\n\n\n<p>Desde mediados del siglo pasado, la ballena gris se encuentra protegida internacionalmente a trav\u00e9s de la Comisi\u00f3n Ballenera Internacional, de la que M\u00e9xico forma parte.<\/p>\n\n\n\n<p>Hoy en d\u00eda, el avistamiento de ballenas \u2014desde la gris a la azul o la jorobada\u2014 es una de las m\u00e1s importantes actividades ecotur\u00edsticas de esta regi\u00f3n mexicana.<\/p>\n","protected":false},"excerpt":{"rendered":"<p>Arturo Villegas, mexicano residente en Los \u00c1ngeles (EE.UU.) disfruta del tradicional avistamiento de ballenas grises en la pen\u00ednsula de Baja California, una temporada que tras dos duros a\u00f1os marcados por la pandemia de coronavirus ahora est\u00e1 recuperando su habitual n\u00famero de turistas. La experiencia &#8220;es padr\u00edsima&#8221;, dice a Efe Villegas, de ascendencia mexicana pero residente [&hellip;]<\/p>\n","protected":false},"author":80,"featured_media":207140,"comment_status":"closed","ping_status":"closed","sticky":false,"template":"","format":"standard","meta":{"footnotes":""},"categories":[36],"tags":[],"class_list":["post-207139","post","type-post","status-publish","format-standard","has-post-thumbnail","hentry","category-nacion"],"_links":{"self":[{"href":"https:\/\/plazajuarez.mx\/historico\/wp-json\/wp\/v2\/posts\/207139","targetHints":{"allow":["GET"]}}],"collection":[{"href":"https:\/\/plazajuarez.mx\/historico\/wp-json\/wp\/v2\/posts"}],"about":[{"href":"https:\/\/plazajuarez.mx\/historico\/wp-json\/wp\/v2\/types\/post"}],"author":[{"embeddable":true,"href":"https:\/\/plazajuarez.mx\/historico\/wp-json\/wp\/v2\/users\/80"}],"replies":[{"embeddable":true,"href":"https:\/\/plazajuarez.mx\/historico\/wp-json\/wp\/v2\/comments?post=207139"}],"version-history":[{"count":0,"href":"https:\/\/plazajuarez.mx\/historico\/wp-json\/wp\/v2\/posts\/207139\/revisions"}],"wp:featuredmedia":[{"embeddable":true,"href":"https:\/\/plazajuarez.mx\/historico\/wp-json\/wp\/v2\/media\/207140"}],"wp:attachment":[{"href":"https:\/\/plazajuarez.mx\/historico\/wp-json\/wp\/v2\/media?parent=207139"}],"wp:term":[{"taxonomy":"category","embeddable":true,"href":"https:\/\/plazajuarez.mx\/historico\/wp-json\/wp\/v2\/categories?post=207139"},{"taxonomy":"post_tag","embeddable":true,"href":"https:\/\/plazajuarez.mx\/historico\/wp-json\/wp\/v2\/tags?post=207139"}],"curies":[{"name":"wp","href":"https:\/\/api.w.org\/{rel}","templated":true}]}}