{"id":207133,"date":"2022-03-11T11:20:24","date_gmt":"2022-03-11T17:20:24","guid":{"rendered":"https:\/\/plazajuarez.mx\/?p=207133"},"modified":"2022-03-11T11:20:39","modified_gmt":"2022-03-11T17:20:39","slug":"presidente_mexico","status":"publish","type":"post","link":"https:\/\/plazajuarez.mx\/historico\/presidente_mexico\/","title":{"rendered":"Presidente de M\u00e9xico har\u00e1 gira en Centroam\u00e9rica para abordar migraci\u00f3n"},"content":{"rendered":"\n<p>&nbsp;El presidente de M\u00e9xico, Andr\u00e9s Manuel L\u00f3pez Obrador, anunci\u00f3 este viernes que har\u00e1 una gira en mayo por El Salvador, Honduras, Guatemala, Belice y Cuba para abordar la ola migratoria que afronta la regi\u00f3n y sus propuestas para &#8220;atender las causas&#8221;.<\/p>\n\n\n\n<p>El mandatario expuso en su conferencia en Tapachula, en la frontera de M\u00e9xico con Guatemala, que propondr\u00e1 fortalecer sus programas sociales de Sembrando Vida, para agricultores, y J\u00f3venes Construyendo el Futuro, para aprendices, como soluciones al \u00e9xodo.<\/p>\n\n\n\n<p>\u201cNosotros estamos financiando estos programas, en El Salvador, en Honduras, en Belice, estamos por llegar a un acuerdo con el Gobierno de Guatemala, pero es financiamiento de M\u00e9xico solidario, fraterno&#8221;, indic\u00f3.<\/p>\n\n\n\n<p>El presidente notific\u00f3 de su gira mientras fuera del lugar donde ofrec\u00eda su conferencia ocurr\u00eda una protesta en la que una decena de migrantes se cosieron los labios para exigir que el Instituto Nacional de Migraci\u00f3n (INM) de M\u00e9xico regularice su situaci\u00f3n migratoria.<\/p>\n\n\n\n<p>En la conferencia, el gobernador de Chiapas, Rutilio Escand\u00f3n, reconoci\u00f3 un aumento del flujo migratorio, pero no solo de Centroam\u00e9rica, sino de pa\u00edses de otras regiones del mundo.<\/p>\n\n\n\n<p>Pese a estas escenas y a las cr\u00edticas de algunas organizaciones ante casos de represi\u00f3n de las Fuerzas Armadas contra los migrantes, el mandatario asever\u00f3 que su Gobierno est\u00e1 atendiendo a los extranjeros.<\/p>\n\n\n\n<p>\u201cNosotros todos los d\u00edas estamos tratando este asunto y protegi\u00e9ndolos y respetando sus derechos humanos, porque uno de los derechos fundamentales es el derecho a la vida y tambi\u00e9n el derecho a vivir libre de miseria&#8221;, manifest\u00f3.<\/p>\n\n\n\n<p>La situaci\u00f3n en Tapachula es reflejo del flujo migratorio r\u00e9cord de la regi\u00f3n hacia Estados Unidos, cuya Oficina de Aduanas y Protecci\u00f3n Fronteriza (CBP) detect\u00f3 m\u00e1s de 1,7 millones de indocumentados en la frontera con M\u00e9xico en el a\u00f1o fiscal 2021, que termin\u00f3 en septiembre.<\/p>\n\n\n\n<p>M\u00e9xico deport\u00f3 a m\u00e1s de 114.000 extranjeros en 2021, n\u00fameros no vistos en 15 a\u00f1os, de acuerdo con datos de la Unidad de Pol\u00edtica Migratoria de la Secretar\u00eda de Gobernaci\u00f3n del pa\u00eds.<\/p>\n\n\n\n<p>Por ello, L\u00f3pez Obrador insisti\u00f3 en su petici\u00f3n a Estados Unidos de establecer un programa de visas temporales de trabajo, con el argumento de que no hay fuerza de trabajo joven en la regi\u00f3n.<\/p>\n\n\n\n<p>Tambi\u00e9n indic\u00f3 que \u201cha planteado mucho en Estados Unidos&#8221; que apoyen sus programas de desarrollo social en el sur de M\u00e9xico y Centroam\u00e9rica, &#8220;pero se tardan mucho en decidir\u201d.<\/p>\n\n\n\n<p>\u201cSi se ordena el flujo migratorio y se dan visas temporales de trabajo para Estados Unidos, se reactiva la econom\u00eda de Am\u00e9rica del Norte. No puede ser que solo se est\u00e9 deteniendo a migrantes\u201d, coment\u00f3.<\/p>\n\n\n\n<p>El presidente de M\u00e9xico no ofreci\u00f3 m\u00e1s detalles de su gira por Centroam\u00e9rica.<\/p>\n\n\n\n<p>L\u00f3pez Obrador solo ha viajado tres veces al extranjero desde que asumi\u00f3 la presidencia en 2018, y en todas las ocasiones ha sido a Estados Unidos, en julio de 2020 y a principios y finales de noviembre de 2021.<\/p>\n","protected":false},"excerpt":{"rendered":"<p>&nbsp;El presidente de M\u00e9xico, Andr\u00e9s Manuel L\u00f3pez Obrador, anunci\u00f3 este viernes que har\u00e1 una gira en mayo por El Salvador, Honduras, Guatemala, Belice y Cuba para abordar la ola migratoria que afronta la regi\u00f3n y sus propuestas para &#8220;atender las causas&#8221;. El mandatario expuso en su conferencia en Tapachula, en la frontera de M\u00e9xico con [&hellip;]<\/p>\n","protected":false},"author":80,"featured_media":207134,"comment_status":"closed","ping_status":"closed","sticky":false,"template":"","format":"standard","meta":{"footnotes":""},"categories":[15,36],"tags":[],"class_list":["post-207133","post","type-post","status-publish","format-standard","has-post-thumbnail","hentry","category-destacadas","category-nacion"],"_links":{"self":[{"href":"https:\/\/plazajuarez.mx\/historico\/wp-json\/wp\/v2\/posts\/207133","targetHints":{"allow":["GET"]}}],"collection":[{"href":"https:\/\/plazajuarez.mx\/historico\/wp-json\/wp\/v2\/posts"}],"about":[{"href":"https:\/\/plazajuarez.mx\/historico\/wp-json\/wp\/v2\/types\/post"}],"author":[{"embeddable":true,"href":"https:\/\/plazajuarez.mx\/historico\/wp-json\/wp\/v2\/users\/80"}],"replies":[{"embeddable":true,"href":"https:\/\/plazajuarez.mx\/historico\/wp-json\/wp\/v2\/comments?post=207133"}],"version-history":[{"count":0,"href":"https:\/\/plazajuarez.mx\/historico\/wp-json\/wp\/v2\/posts\/207133\/revisions"}],"wp:featuredmedia":[{"embeddable":true,"href":"https:\/\/plazajuarez.mx\/historico\/wp-json\/wp\/v2\/media\/207134"}],"wp:attachment":[{"href":"https:\/\/plazajuarez.mx\/historico\/wp-json\/wp\/v2\/media?parent=207133"}],"wp:term":[{"taxonomy":"category","embeddable":true,"href":"https:\/\/plazajuarez.mx\/historico\/wp-json\/wp\/v2\/categories?post=207133"},{"taxonomy":"post_tag","embeddable":true,"href":"https:\/\/plazajuarez.mx\/historico\/wp-json\/wp\/v2\/tags?post=207133"}],"curies":[{"name":"wp","href":"https:\/\/api.w.org\/{rel}","templated":true}]}}