{"id":207126,"date":"2022-03-11T10:11:35","date_gmt":"2022-03-11T16:11:35","guid":{"rendered":"https:\/\/plazajuarez.mx\/?p=207126"},"modified":"2022-03-11T10:12:08","modified_gmt":"2022-03-11T16:12:08","slug":"depardieu","status":"publish","type":"post","link":"https:\/\/plazajuarez.mx\/historico\/depardieu\/","title":{"rendered":"Francia confirma la imputaci\u00f3n de Depardieu por violaci\u00f3n"},"content":{"rendered":"\n<p>El Tribunal de Apelaci\u00f3n de Par\u00eds confirm\u00f3 este jueves la imputaci\u00f3n del actor G\u00e9rard Depardieu por violaci\u00f3n y agresi\u00f3n sexual tras la denuncia interpuesta por la int\u00e9rprete Charlotte Arnould.<\/p>\n\n\n\n<p>El fiscal R\u00e9my Heitz indic\u00f3 en un comunicado que la instrucci\u00f3n del caso &#8220;considera que existen indicios graves o concordantes que justifican que G\u00e9rard Depardieu contin\u00fae imputado&#8221; por unos hechos que se remontan a agosto de 2018.<\/p>\n\n\n\n<p>La leyenda del cine franc\u00e9s, de 73 a\u00f1os, solicit\u00f3 en mayo del a\u00f1o pasado la anulaci\u00f3n de su inculpaci\u00f3n seis meses antes en este caso. Pero el rechazo conocido hoy de esa demanda hace que el caso vuelva al juez de instrucci\u00f3n.<\/p>\n\n\n\n<p>Los hechos por los que se le acusa sucedieron en el domicilio parisino del actor en dos d\u00edas distintos, el 7 y el 13 de agosto de 2018, seg\u00fan indicaron entonces los medios franceses.<\/p>\n\n\n\n<p>Depardieu, conocido por el gran p\u00fablico por filmes como &#8220;Cyrano de Bergerac&#8221; (1990) o por la saga de Ast\u00e9rix y Ob\u00e9lix, conoc\u00eda al padre de la joven y estuvo en contacto con ella para darle consejos sobre su carrera.<\/p>\n\n\n\n<p>La chica, que ten\u00eda 22 a\u00f1os entonces, cont\u00f3 que abus\u00f3 de ella en el contexto de un ensayo informal para una obra de teatro.<\/p>\n\n\n\n<p>D\u00edas despu\u00e9s, Arnould se present\u00f3 en la comisar\u00eda de la Gendarmer\u00eda de Lambesc, en el departamento de Bouches-du-Rh\u00f4ne, para denunciar los hechos.<\/p>\n\n\n\n<p>Depardieu siempre ha negado las acusaciones y tras ser imputado, el 16 de diciembre de 2020, qued\u00f3 libre sin control judicial.<\/p>\n","protected":false},"excerpt":{"rendered":"<p>El Tribunal de Apelaci\u00f3n de Par\u00eds confirm\u00f3 este jueves la imputaci\u00f3n del actor G\u00e9rard Depardieu por violaci\u00f3n y agresi\u00f3n sexual tras la denuncia interpuesta por la int\u00e9rprete Charlotte Arnould. El fiscal R\u00e9my Heitz indic\u00f3 en un comunicado que la instrucci\u00f3n del caso &#8220;considera que existen indicios graves o concordantes que justifican que G\u00e9rard Depardieu contin\u00fae [&hellip;]<\/p>\n","protected":false},"author":80,"featured_media":207129,"comment_status":"closed","ping_status":"closed","sticky":false,"template":"","format":"standard","meta":{"footnotes":""},"categories":[38],"tags":[],"class_list":["post-207126","post","type-post","status-publish","format-standard","has-post-thumbnail","hentry","category-show"],"_links":{"self":[{"href":"https:\/\/plazajuarez.mx\/historico\/wp-json\/wp\/v2\/posts\/207126","targetHints":{"allow":["GET"]}}],"collection":[{"href":"https:\/\/plazajuarez.mx\/historico\/wp-json\/wp\/v2\/posts"}],"about":[{"href":"https:\/\/plazajuarez.mx\/historico\/wp-json\/wp\/v2\/types\/post"}],"author":[{"embeddable":true,"href":"https:\/\/plazajuarez.mx\/historico\/wp-json\/wp\/v2\/users\/80"}],"replies":[{"embeddable":true,"href":"https:\/\/plazajuarez.mx\/historico\/wp-json\/wp\/v2\/comments?post=207126"}],"version-history":[{"count":0,"href":"https:\/\/plazajuarez.mx\/historico\/wp-json\/wp\/v2\/posts\/207126\/revisions"}],"wp:featuredmedia":[{"embeddable":true,"href":"https:\/\/plazajuarez.mx\/historico\/wp-json\/wp\/v2\/media\/207129"}],"wp:attachment":[{"href":"https:\/\/plazajuarez.mx\/historico\/wp-json\/wp\/v2\/media?parent=207126"}],"wp:term":[{"taxonomy":"category","embeddable":true,"href":"https:\/\/plazajuarez.mx\/historico\/wp-json\/wp\/v2\/categories?post=207126"},{"taxonomy":"post_tag","embeddable":true,"href":"https:\/\/plazajuarez.mx\/historico\/wp-json\/wp\/v2\/tags?post=207126"}],"curies":[{"name":"wp","href":"https:\/\/api.w.org\/{rel}","templated":true}]}}