{"id":2071,"date":"2015-03-11T06:00:00","date_gmt":"2015-03-11T06:00:00","guid":{"rendered":"http:\/\/plazajuarez.mx\/index\/index.php\/2015\/03\/11\/por-mayoriteo-del-pri-en-el-senado-llega-medina-mora-a-la-corte\/"},"modified":"2015-03-11T06:00:00","modified_gmt":"2015-03-11T06:00:00","slug":"por-mayoriteo-del-pri-en-el-senado-llega-medina-mora-a-la-corte","status":"publish","type":"post","link":"https:\/\/plazajuarez.mx\/historico\/por-mayoriteo-del-pri-en-el-senado-llega-medina-mora-a-la-corte\/","title":{"rendered":"Por mayoriteo del PRI en el Senado  llega Medina Mora a la Corte"},"content":{"rendered":"<p>M\u00e9xico, DF.- A pesar de que perredistas y petistas advirtieron que Eduardo Medina Mora no podr\u00eda ocupar el cargo por su trayectoria en el sector p\u00fablico que lo inhabilita para ocupar un cargo en la Corte, la alianza el bloque PRI PAN PVEM vot\u00f3 a favor del ex procurador de M\u00e9xico para ocupar el cargo de ministro de la Suprema Corte de Justicia.<\/p>\n<p>  <!--more-->  <\/p>\n<p>\u00a0<\/p>\n<p>Tras cuatro horas de votaci\u00f3n y la exposici\u00f3n de cada uno de los integrantes ante el pleno, luego lleg\u00f3 votaci\u00f3n las 119 c\u00e9dulas para elegir a Medina Mora.<\/p>\n<p>Con 83 de votos, el Senado de la Rep\u00fablica design\u00f3 a Eduardo Medina Mora como nuevo ministro de la Suprema Corte de Justicia de la Naci\u00f3n (SCJN), quien ocupar\u00e1 por 15 a\u00f1os la vacante generada a la muerte del ministro Sergio Valls Hern\u00e1ndez.<\/p>\n<p>Se repartieron 119 c\u00e9dulas, se recibieron 118 votos. De \u00e9stos fueron 16 votos nulos, 4 votos a favor de Alfredo Fuentes, 15 a favor de Horacio Hern\u00e1ndez y 83 a favor de Medina Mora.<\/p>\n<p>Una comisi\u00f3n de senadores sali\u00f3 por Medina Mora para traerlo al Sal\u00f3n de Pleno para que \u00e9ste rinda su protesta. (Agencias)<\/p>\n","protected":false},"excerpt":{"rendered":"<p>M\u00e9xico, DF.- A pesar de que perredistas y petistas advirtieron que Eduardo Medina Mora no podr\u00eda ocupar el cargo por su trayectoria en el sector p\u00fablico que lo inhabilita para ocupar un cargo en la Corte, la alianza el bloque PRI PAN PVEM vot\u00f3 a favor del ex procurador de M\u00e9xico para ocupar el cargo [&hellip;]<\/p>\n","protected":false},"author":93,"featured_media":0,"comment_status":"open","ping_status":"open","sticky":false,"template":"","format":"standard","meta":{"footnotes":""},"categories":[36],"tags":[],"class_list":["post-2071","post","type-post","status-publish","format-standard","hentry","category-nacion"],"_links":{"self":[{"href":"https:\/\/plazajuarez.mx\/historico\/wp-json\/wp\/v2\/posts\/2071","targetHints":{"allow":["GET"]}}],"collection":[{"href":"https:\/\/plazajuarez.mx\/historico\/wp-json\/wp\/v2\/posts"}],"about":[{"href":"https:\/\/plazajuarez.mx\/historico\/wp-json\/wp\/v2\/types\/post"}],"author":[{"embeddable":true,"href":"https:\/\/plazajuarez.mx\/historico\/wp-json\/wp\/v2\/users\/93"}],"replies":[{"embeddable":true,"href":"https:\/\/plazajuarez.mx\/historico\/wp-json\/wp\/v2\/comments?post=2071"}],"version-history":[{"count":0,"href":"https:\/\/plazajuarez.mx\/historico\/wp-json\/wp\/v2\/posts\/2071\/revisions"}],"wp:attachment":[{"href":"https:\/\/plazajuarez.mx\/historico\/wp-json\/wp\/v2\/media?parent=2071"}],"wp:term":[{"taxonomy":"category","embeddable":true,"href":"https:\/\/plazajuarez.mx\/historico\/wp-json\/wp\/v2\/categories?post=2071"},{"taxonomy":"post_tag","embeddable":true,"href":"https:\/\/plazajuarez.mx\/historico\/wp-json\/wp\/v2\/tags?post=2071"}],"curies":[{"name":"wp","href":"https:\/\/api.w.org\/{rel}","templated":true}]}}