{"id":2070,"date":"2015-03-11T06:00:00","date_gmt":"2015-03-11T06:00:00","guid":{"rendered":"http:\/\/plazajuarez.mx\/index\/index.php\/2015\/03\/11\/exigen-magistrados-que-nuevo-ministro-garantice-independencia\/"},"modified":"2015-03-11T06:00:00","modified_gmt":"2015-03-11T06:00:00","slug":"exigen-magistrados-que-nuevo-ministro-garantice-independencia","status":"publish","type":"post","link":"https:\/\/plazajuarez.mx\/historico\/exigen-magistrados-que-nuevo-ministro-garantice-independencia\/","title":{"rendered":"Exigen magistrados que nuevo  ministro garantice independencia"},"content":{"rendered":"<p>M\u00e9xico, DF.- A unas horas de que el Senado resuelva qui\u00e9n ser\u00e1 el pr\u00f3ximo ministro de la Suprema Corte de Justicia de la Naci\u00f3n los magistrados y jueces federales que conforman la Asociaci\u00f3n Nacional de Magistrados de Circuito y Jueces de Distrito del Poder Judicial de la Federaci\u00f3n exigieron al Senado que el nuevo ministro garantice independencia \u201cpara una efectiva divisi\u00f3n de poderes\u201d.<\/p>\n<p>  <!--more-->  <\/p>\n<p>\u00a0<\/p>\n<p>Al enviar una carta al Poder Legislativo, dirigida al senador Miguel Barbosa Huerta, presidente de la mesa directiva del Senado, dicha asociaci\u00f3n integrada por m\u00e1s de 500 juzgadores federales hizo hincapi\u00e9 en que los legisladores deben respetar el mandato que establece el art\u00edculo 95 de la Constituci\u00f3n mexicana.<\/p>\n<p>Destacaron que dicho art\u00edculo ordena que los ministros de la Suprema Corte hayan residido en el pa\u00eds durante los dos a\u00f1os anteriores al d\u00eda de la designaci\u00f3n y que los nombramientos de los ministros recaigan \u201cpreferentemente entre aquellas personas que hayan servido con eficiencia, capacidad y probidad en la impartici\u00f3n de justicia o que se hayan distinguido por su honorabilidad, competencia y antecedentes profesionales en el ejercicio de la actividad jur\u00eddica\u201d.<\/p>\n<p>Sin mencionar espec\u00edficamente el nombre de Eduardo Medina Mora, uno de los integrantes de la terna, los magistrados indicaron que el principio de la divisi\u00f3n de poderes fue expresado por el Constituyente Permanente en el art\u00edculo 49 de la Constituci\u00f3n, el cual ordena que los tres poderes de la Uni\u00f3n (Ejecutivo, Legislativo y Judicial) deben gozar de plena autonom\u00eda e independencia. (Agencias)<\/p>\n","protected":false},"excerpt":{"rendered":"<p>M\u00e9xico, DF.- A unas horas de que el Senado resuelva qui\u00e9n ser\u00e1 el pr\u00f3ximo ministro de la Suprema Corte de Justicia de la Naci\u00f3n los magistrados y jueces federales que conforman la Asociaci\u00f3n Nacional de Magistrados de Circuito y Jueces de Distrito del Poder Judicial de la Federaci\u00f3n exigieron al Senado que el nuevo ministro [&hellip;]<\/p>\n","protected":false},"author":93,"featured_media":0,"comment_status":"open","ping_status":"open","sticky":false,"template":"","format":"standard","meta":{"footnotes":""},"categories":[36],"tags":[],"class_list":["post-2070","post","type-post","status-publish","format-standard","hentry","category-nacion"],"_links":{"self":[{"href":"https:\/\/plazajuarez.mx\/historico\/wp-json\/wp\/v2\/posts\/2070","targetHints":{"allow":["GET"]}}],"collection":[{"href":"https:\/\/plazajuarez.mx\/historico\/wp-json\/wp\/v2\/posts"}],"about":[{"href":"https:\/\/plazajuarez.mx\/historico\/wp-json\/wp\/v2\/types\/post"}],"author":[{"embeddable":true,"href":"https:\/\/plazajuarez.mx\/historico\/wp-json\/wp\/v2\/users\/93"}],"replies":[{"embeddable":true,"href":"https:\/\/plazajuarez.mx\/historico\/wp-json\/wp\/v2\/comments?post=2070"}],"version-history":[{"count":0,"href":"https:\/\/plazajuarez.mx\/historico\/wp-json\/wp\/v2\/posts\/2070\/revisions"}],"wp:attachment":[{"href":"https:\/\/plazajuarez.mx\/historico\/wp-json\/wp\/v2\/media?parent=2070"}],"wp:term":[{"taxonomy":"category","embeddable":true,"href":"https:\/\/plazajuarez.mx\/historico\/wp-json\/wp\/v2\/categories?post=2070"},{"taxonomy":"post_tag","embeddable":true,"href":"https:\/\/plazajuarez.mx\/historico\/wp-json\/wp\/v2\/tags?post=2070"}],"curies":[{"name":"wp","href":"https:\/\/api.w.org\/{rel}","templated":true}]}}