{"id":2069,"date":"2015-03-11T06:00:00","date_gmt":"2015-03-11T06:00:00","guid":{"rendered":"http:\/\/plazajuarez.mx\/index\/index.php\/2015\/03\/11\/obama-aprieta-las-tuercas-a-maduro\/"},"modified":"2015-03-11T06:00:00","modified_gmt":"2015-03-11T06:00:00","slug":"obama-aprieta-las-tuercas-a-maduro","status":"publish","type":"post","link":"https:\/\/plazajuarez.mx\/historico\/obama-aprieta-las-tuercas-a-maduro\/","title":{"rendered":"Obama aprieta las tuercas a Maduro"},"content":{"rendered":"<p>Nueva York.- \u00a1Barack Obama firm\u00f3 el decreto con el que declar\u00f3 a Venezuela una amenaza para la seguridad nacional, sancion\u00f3 a siete dirigentes venezolanos o cercanas al presidente Nicol\u00e1s Maduro y se\u00f1al\u00f3 su preocupaci\u00f3n por el tratamiento que se dispensa desde Caracas a los opositores pol\u00edticos. \u00abLos funcionarios venezolanos del pasado y presente que violan los derechos humanos de los ciudadanos venezolanos y se comprometen en actividades de corrupci\u00f3n no ser\u00e1n bienvenidos aqu\u00ed.<\/p>\n<p>  <!--more-->  <\/p>\n<p>\u00a0<\/p>\n<p>Tenemos las herramientas para bloquear sus activos y su uso de los sistemas financieros de EU\u00bb, explic\u00f3 el portavoz de la Casa Blanca, Josh Earnest, en un comunicado emitido despu\u00e9s de la orden ejecutiva del presidente. \u00abEstamos muy preocupados por c\u00f3mo el Gobierno venezolano aumenta la intimidaci\u00f3n a sus oponentes pol\u00edticos. Los problemas de Venezuela no se pueden solucionar al convertir a los disidentes en criminales\u00bb, continu\u00f3 Ernest en alusi\u00f3n al encarcelamiento del dirigente opositor, Leopoldo L\u00f3pez y del alcalde de Caracas, Antonio Ledezma.<\/p>\n<p>A pesar de las sanciones que se producen en medio del aumento de las tensiones entre Caracas y Wahsington, desde la Casa Blanca se ha hecho hincapi\u00e9 en que estos castigos no se dirigen al pa\u00eds iberoamericano, su Gobierno o su pueblo. Desde la oficina de Obama se indic\u00f3 que son sanciones contra personas concretas por determinadas acciones. El endurecimiento de la pol\u00edtica de Obama hacia Venezuela coincide precisamente con el acercamiento a Cuba. Desde la enfermedad y posterior fallecimiento de Hugo Ch\u00e1vez, se ha especulado con que Venezuela se gobierna desde La Habana. (Agencias)<\/p>\n","protected":false},"excerpt":{"rendered":"<p>Nueva York.- \u00a1Barack Obama firm\u00f3 el decreto con el que declar\u00f3 a Venezuela una amenaza para la seguridad nacional, sancion\u00f3 a siete dirigentes venezolanos o cercanas al presidente Nicol\u00e1s Maduro y se\u00f1al\u00f3 su preocupaci\u00f3n por el tratamiento que se dispensa desde Caracas a los opositores pol\u00edticos. \u00abLos funcionarios venezolanos del pasado y presente que violan [&hellip;]<\/p>\n","protected":false},"author":93,"featured_media":0,"comment_status":"open","ping_status":"open","sticky":false,"template":"","format":"standard","meta":{"footnotes":""},"categories":[31],"tags":[],"class_list":["post-2069","post","type-post","status-publish","format-standard","hentry","category-orbe"],"_links":{"self":[{"href":"https:\/\/plazajuarez.mx\/historico\/wp-json\/wp\/v2\/posts\/2069","targetHints":{"allow":["GET"]}}],"collection":[{"href":"https:\/\/plazajuarez.mx\/historico\/wp-json\/wp\/v2\/posts"}],"about":[{"href":"https:\/\/plazajuarez.mx\/historico\/wp-json\/wp\/v2\/types\/post"}],"author":[{"embeddable":true,"href":"https:\/\/plazajuarez.mx\/historico\/wp-json\/wp\/v2\/users\/93"}],"replies":[{"embeddable":true,"href":"https:\/\/plazajuarez.mx\/historico\/wp-json\/wp\/v2\/comments?post=2069"}],"version-history":[{"count":0,"href":"https:\/\/plazajuarez.mx\/historico\/wp-json\/wp\/v2\/posts\/2069\/revisions"}],"wp:attachment":[{"href":"https:\/\/plazajuarez.mx\/historico\/wp-json\/wp\/v2\/media?parent=2069"}],"wp:term":[{"taxonomy":"category","embeddable":true,"href":"https:\/\/plazajuarez.mx\/historico\/wp-json\/wp\/v2\/categories?post=2069"},{"taxonomy":"post_tag","embeddable":true,"href":"https:\/\/plazajuarez.mx\/historico\/wp-json\/wp\/v2\/tags?post=2069"}],"curies":[{"name":"wp","href":"https:\/\/api.w.org\/{rel}","templated":true}]}}