{"id":206851,"date":"2022-03-09T10:25:00","date_gmt":"2022-03-09T16:25:00","guid":{"rendered":"https:\/\/plazajuarez.mx\/?p=206851"},"modified":"2022-03-09T11:38:47","modified_gmt":"2022-03-09T17:38:47","slug":"sasha-sokol","status":"publish","type":"post","link":"https:\/\/plazajuarez.mx\/historico\/sasha-sokol\/","title":{"rendered":"&#8220;Abus\u00f3 de m\u00ed&#8221;: Sasha denuncia al productor Luis de Llano"},"content":{"rendered":"\n<p>La cantante Sasha Sokol rompi\u00f3 el silencio, luego de haber sostenido una relaci\u00f3n de 4 a\u00f1os con el productor musical Luis de Llano, iniciada cuando ella ten\u00eda 14 a\u00f1os y el 39, por lo que cuando solo ten\u00eda 14 a\u00f1os de edad y \u00e9l 39, por lo que afirma que, \u201cabus\u00f3 de m\u00ed\u201d.<\/p>\n\n\n\n<p><br>A trav\u00e9s de Twitter, la cantante comparti\u00f3 su experiencia durante la relaci\u00f3n que tuvo con Luis de Llano, quien, asegur\u00f3: &#8220;Desde los 14 a\u00f1os quise creer que fui responsable de lo que pas\u00f3. Hoy comprendo que mi \u00fanica responsabilidad fue guardar silencio&#8221;.<\/p>\n\n\n\n<p><br>&#8220;Luis de Ya no\u2026 Mientras mujeres en mi situaci\u00f3n no nos atrevamos a hablar con la verdad, seguir\u00e1 habiendo hombres como Luis de Llano&#8221;, escribi\u00f3 la denuncia la cantante &#8220;llorando&#8221;.<\/p>\n\n\n\n<center><blockquote class=\"twitter-tweet\"><p lang=\"es\" dir=\"ltr\">Luis de Ya no<br><br>Mientras mujeres en mi situaci\u00f3n no nos atrevamos a hablar con la verdad, seguir\u00e1 habiendo hombres como Luis de Llano. <br><br>Desde los 14 a\u00f1os quise creer que fui responsable de lo que pas\u00f3. Hoy comprendo que mi \u00fanica responsabilidad fue guardar silencio.<\/p>&mdash; Sasha Sokol (@SashaSokol) <a href=\"https:\/\/twitter.com\/SashaSokol\/status\/1501407943832522752?ref_src=twsrc%5Etfw\">March 9, 2022<\/a><\/blockquote> <script async src=\"https:\/\/platform.twitter.com\/widgets.js\" charset=\"utf-8\"><\/script><\/center>\n\n\n\n<p><br>&#8220;Hoy (martes) es d\u00eda internacional de la mujer. Muchas personas piensan que es un d\u00eda para felicitarnos. No es as\u00ed. Este d\u00eda es para reflexionar y alzar la voz ante el abuso sistem\u00e1tico en el que nos hemos visto atrapadas de mil maneras&#8221;, explic\u00f3 en su cuenta oficial de la red social Twitter.<\/p>\n\n\n\n<p><br>En una serie de tuits, relat\u00f3 su amarga experiencia: &#8220;Hace dos d\u00edas, Luis volvi\u00f3 a hacer declaraciones falsas sobre nuestra relaci\u00f3n. Abus\u00f3 de m\u00ed entonces y abusa hoy al manipular la verdad. Al querer minimizarla para eximir su responsabilidad en los hechos.<\/p>\n\n\n\n<div class=\"wp-block-buttons is-layout-flex wp-block-buttons-is-layout-flex\">\n<div class=\"wp-block-button aligncenter is-style-outline is-style-outline--1\"><a class=\"wp-block-button__link\" href=\"https:\/\/plazajuarez.mx\/historico\/historico\/2022\/03\/09\/lorena-herrera\/\"><strong>TE PUEDE INTERESAR: Lorena Herrera no quiere trabajar con Ninel Conde ni por error<\/strong><\/a><\/div>\n<\/div>\n\n\n\n<p><br>&#8220;Cuando la relaci\u00f3n comenz\u00f3 yo ten\u00eda 14 y \u00e9l 39. Yo estaba en Vaselina con Timbiriche y era claramente una ni\u00f1a. Estuvimos juntos casi 4 a\u00f1os&#8221;.<\/p>\n\n\n\n<center><iframe loading=\"lazy\" width=\"560\" height=\"315\" src=\"https:\/\/www.youtube.com\/embed\/1nSbrFyDGpw\" title=\"YouTube video player\" frameborder=\"0\" allow=\"accelerometer; autoplay; clipboard-write; encrypted-media; gyroscope; picture-in-picture\" allowfullscreen><\/iframe><\/center>\n\n\n\n<p><br>En uno de los pasajes m\u00e1s crudos, Sasha expone: &#8220;\u00bfC\u00f3mo habr\u00eda sido mi vida si Luis, en lugar de meterme en su cama, hubiera hecho lo que le correspond\u00eda, que era cuidarme? Nunca lo sabr\u00e9&#8221;.<\/p>\n\n\n\n<p><br>Dando m\u00e1s detalles de su abuso, la cantante concluy\u00f3: &#8220;No pienso hablar m\u00e1s de este tema. \u00bfPor qu\u00e9 hablo de esto ahora? Porque Luis de Ya No. #8M #8M2022 #DiaInternacionalDeLaMujer&#8221;.<\/p>\n\n\n\n<p><strong>\u00bfQui\u00e9n es Luis de Llano?, acusado por Sasha Sokol de abuso<\/strong><\/p>\n\n\n\n<p>Luis de Llano Macedo es un productor con una trayectoria de m\u00e1s de cuatro d\u00e9cadas en la industria de la televisi\u00f3n, la m\u00fasica y el entretenimiento en M\u00e9xico. Tambi\u00e9n es escritor, y adaptador de series para televisi\u00f3n.<br><br>Integrante y heredero de una de las familias con mayor trascendencia en los medios, la radio, la literatura, el teatro, el cine, la televisi\u00f3n, la m\u00fasica y los espect\u00e1culos en nuestro pa\u00eds. Hijo de Luis de Llano Palmer (precursor de la industria en los a\u00f1os 50) y Rita Macedo (actriz del cine de oro) y hermano de Julissa, cantante y actriz.<br><br>Es protagonista del desarrollo de la televisi\u00f3n en M\u00e9xico, desde Telesistema Mexicano a Televisi\u00f3n Independiente de M\u00e9xico y Televisa.<\/p>\n\n\n\n<center><iframe loading=\"lazy\" width=\"560\" height=\"315\" src=\"https:\/\/www.youtube.com\/embed\/3tVZWzAi_78\" title=\"YouTube video player\" frameborder=\"0\" allow=\"accelerometer; autoplay; clipboard-write; encrypted-media; gyroscope; picture-in-picture\" allowfullscreen><\/iframe><\/center>\n\n\n\n<p>Es uno de los productores televisivos m\u00e1s reconocidos. Bajo su mano se desarrollaron programas, entre unitarios y telenovelas, como &#8220;\u00a1Cach\u00fan, cach\u00fan, ra ra!&#8221;, &#8220;Alcanzar una estrella&#8221;, &#8220;Atr\u00e9vete a so\u00f1ar&#8221; y &#8220;DKDA: sue\u00f1os de juventud&#8221;.<br><br>La trayectoria de Luis incluye espect\u00e1culos, programas y la formaci\u00f3n de algunos de los grupos y artistas famosos de las \u00faltimas d\u00e9cadas como Fresas con crema, Garibaldi, Kabah, Microchips, DKDA, Los mu\u00f1ecos de papel, y Timbiriche.<br><br>En su faceta de escritor ha creado los libros: &#8220;Av\u00e1ndaro 50 a\u00f1os. cuando el rock mexicano perdi\u00f3 la inocencia&#8221;, &#8220;El Umbral&#8221;, &#8220;Cr\u00f3nicas trasatl\u00e1nticas&#8221; y &#8220;Expedientes pop&#8221;.<\/p>\n","protected":false},"excerpt":{"rendered":"<p>La cantante Sasha Sokol rompi\u00f3 el silencio, luego de haber sostenido una relaci\u00f3n de 4 a\u00f1os con el productor musical Luis de Llano, iniciada cuando ella ten\u00eda 14 a\u00f1os y el 39, por lo que cuando solo ten\u00eda 14 a\u00f1os de edad y \u00e9l 39, por lo que afirma que, \u201cabus\u00f3 de m\u00ed\u201d. A trav\u00e9s [&hellip;]<\/p>\n","protected":false},"author":81,"featured_media":206852,"comment_status":"closed","ping_status":"closed","sticky":false,"template":"","format":"standard","meta":{"footnotes":""},"categories":[15,38],"tags":[2204,2257,2253,2255,2256],"class_list":["post-206851","post","type-post","status-publish","format-standard","has-post-thumbnail","hentry","category-destacadas","category-show","tag-8m","tag-abuso","tag-luis-de-llano","tag-sasha-sokol","tag-timbiriche"],"_links":{"self":[{"href":"https:\/\/plazajuarez.mx\/historico\/wp-json\/wp\/v2\/posts\/206851","targetHints":{"allow":["GET"]}}],"collection":[{"href":"https:\/\/plazajuarez.mx\/historico\/wp-json\/wp\/v2\/posts"}],"about":[{"href":"https:\/\/plazajuarez.mx\/historico\/wp-json\/wp\/v2\/types\/post"}],"author":[{"embeddable":true,"href":"https:\/\/plazajuarez.mx\/historico\/wp-json\/wp\/v2\/users\/81"}],"replies":[{"embeddable":true,"href":"https:\/\/plazajuarez.mx\/historico\/wp-json\/wp\/v2\/comments?post=206851"}],"version-history":[{"count":0,"href":"https:\/\/plazajuarez.mx\/historico\/wp-json\/wp\/v2\/posts\/206851\/revisions"}],"wp:featuredmedia":[{"embeddable":true,"href":"https:\/\/plazajuarez.mx\/historico\/wp-json\/wp\/v2\/media\/206852"}],"wp:attachment":[{"href":"https:\/\/plazajuarez.mx\/historico\/wp-json\/wp\/v2\/media?parent=206851"}],"wp:term":[{"taxonomy":"category","embeddable":true,"href":"https:\/\/plazajuarez.mx\/historico\/wp-json\/wp\/v2\/categories?post=206851"},{"taxonomy":"post_tag","embeddable":true,"href":"https:\/\/plazajuarez.mx\/historico\/wp-json\/wp\/v2\/tags?post=206851"}],"curies":[{"name":"wp","href":"https:\/\/api.w.org\/{rel}","templated":true}]}}