{"id":206819,"date":"2022-03-09T09:24:41","date_gmt":"2022-03-09T15:24:41","guid":{"rendered":"https:\/\/plazajuarez.mx\/?p=206819"},"modified":"2022-03-09T09:25:27","modified_gmt":"2022-03-09T15:25:27","slug":"lorena-herrera","status":"publish","type":"post","link":"https:\/\/plazajuarez.mx\/historico\/lorena-herrera\/","title":{"rendered":"Lorena Herrera no quiere trabajar con Ninel Conde ni por error"},"content":{"rendered":"\n<p>Al parecer no hay esperanza de que Ninel Conde y Lorena Herrara limen asperezas y se d\u00e9 un acercamiento entre ellas, porque en recientes declaraciones de la originaria de Mazatl\u00e1n, Sinaloa, asegur\u00f3 que no quiere toparse con la llamada &#8220;Bomb\u00f3n asesino&#8221; ni por error.<\/p>\n\n\n\n<p>Cuando se supo que Lorena Herrera formar\u00eda parte de la segunda temporada de &#8220;La casa de los famosos&#8221;, \u00e9sta declar\u00f3 en su encuentro con los medios que la ausencia de Ninel fue una condici\u00f3n que puso en su contrato, y, aunque posteriormente se\u00f1al\u00f3 que se trataba de una broma, s\u00ed prefiere tener lejos a Ninel.<\/p>\n\n\n\n<p>&#8220;Si puedo evitarla, pues la evito y ya&#8230; procuro tener una sonrisa para todos los dem\u00e1s, pero pues a ella no la saludar\u00eda, ni tendr\u00eda una sonrisa para ella, porque yo no quiero ser falsa&#8221;, declar\u00f3 Herrera.<\/p>\n\n\n\n<p>Cuando se le cuestion\u00f3 si ella tambi\u00e9n abrir\u00eda su cuenta de OnlyFans como ya no hizo Ninel, Herrera asegur\u00f3 que no, que por fortuna es una artista que tiene mucho trabajo y adem\u00e1s ha sabido administrarse a lo largo de 30 a\u00f1os de trayectoria, es m\u00e1s, que le da mucha flojera a estas alturas de su vida hacer cualquier tipo de fotos; pero en caso de unirse a esta plataforma no ser\u00eda subiendo fotos sensuales, sino recetas de cocina.<\/p>\n\n\n\n<p>&#8220;Ay pero por supuesto, porque mis recetas que subo tienen un mont\u00f3n de likes, v\u00e9anlas, tienen m\u00e1s likes que las fotos de Ninel. No he comparado porque no tengo OnlyFans, pero ya me dijeron ja,ja&#8221;.<\/p>\n\n\n\n<p>Estas dos divas ha tenido rencillas por a\u00f1os, desde que Lorena Herrera acus\u00f3 a Ninel Conde de copiarle estilo, coreograf\u00edas y vestuario, pero adem\u00e1s remat\u00f3 que para nada le gustaba el trabajo de la ex de Giovanni Mediana como actriz, as\u00ed que Ninel asegur\u00f3 que no ten\u00eda la menor intenci\u00f3n de arreglar las cosas con Lorena, porque \u00e9sta le hab\u00eda faltado al respeto.<\/p>\n","protected":false},"excerpt":{"rendered":"<p>Al parecer no hay esperanza de que Ninel Conde y Lorena Herrara limen asperezas y se d\u00e9 un acercamiento entre ellas, porque en recientes declaraciones de la originaria de Mazatl\u00e1n, Sinaloa, asegur\u00f3 que no quiere toparse con la llamada &#8220;Bomb\u00f3n asesino&#8221; ni por error. Cuando se supo que Lorena Herrera formar\u00eda parte de la segunda [&hellip;]<\/p>\n","protected":false},"author":81,"featured_media":206823,"comment_status":"closed","ping_status":"closed","sticky":false,"template":"","format":"standard","meta":{"footnotes":""},"categories":[38],"tags":[],"class_list":["post-206819","post","type-post","status-publish","format-standard","has-post-thumbnail","hentry","category-show"],"_links":{"self":[{"href":"https:\/\/plazajuarez.mx\/historico\/wp-json\/wp\/v2\/posts\/206819","targetHints":{"allow":["GET"]}}],"collection":[{"href":"https:\/\/plazajuarez.mx\/historico\/wp-json\/wp\/v2\/posts"}],"about":[{"href":"https:\/\/plazajuarez.mx\/historico\/wp-json\/wp\/v2\/types\/post"}],"author":[{"embeddable":true,"href":"https:\/\/plazajuarez.mx\/historico\/wp-json\/wp\/v2\/users\/81"}],"replies":[{"embeddable":true,"href":"https:\/\/plazajuarez.mx\/historico\/wp-json\/wp\/v2\/comments?post=206819"}],"version-history":[{"count":0,"href":"https:\/\/plazajuarez.mx\/historico\/wp-json\/wp\/v2\/posts\/206819\/revisions"}],"wp:featuredmedia":[{"embeddable":true,"href":"https:\/\/plazajuarez.mx\/historico\/wp-json\/wp\/v2\/media\/206823"}],"wp:attachment":[{"href":"https:\/\/plazajuarez.mx\/historico\/wp-json\/wp\/v2\/media?parent=206819"}],"wp:term":[{"taxonomy":"category","embeddable":true,"href":"https:\/\/plazajuarez.mx\/historico\/wp-json\/wp\/v2\/categories?post=206819"},{"taxonomy":"post_tag","embeddable":true,"href":"https:\/\/plazajuarez.mx\/historico\/wp-json\/wp\/v2\/tags?post=206819"}],"curies":[{"name":"wp","href":"https:\/\/api.w.org\/{rel}","templated":true}]}}