{"id":2068,"date":"2015-03-11T06:00:00","date_gmt":"2015-03-11T06:00:00","guid":{"rendered":"http:\/\/plazajuarez.mx\/index\/index.php\/2015\/03\/11\/el-presidente-maduro-solicitara-poderes-especiales-para-defender-la-integridad-de-venezuela\/"},"modified":"2015-03-11T06:00:00","modified_gmt":"2015-03-11T06:00:00","slug":"el-presidente-maduro-solicitara-poderes-especiales-para-defender-la-integridad-de-venezuela","status":"publish","type":"post","link":"https:\/\/plazajuarez.mx\/historico\/el-presidente-maduro-solicitara-poderes-especiales-para-defender-la-integridad-de-venezuela\/","title":{"rendered":"El presidente Maduro solicitar\u00e1 poderes especiales para defender la &#8216;integridad&#8217; de Venezuela"},"content":{"rendered":"<ul>\n<li><strong><strong>Realizar\u00e1 la petici\u00f3n a la Asamblea Nacional<\/strong><\/strong> <!--more--> <\/li>\n<\/ul>\n<p>Caracas.- El presidente de Venezuela, Nicol\u00e1s Maduro, anunci\u00f3 que solicitar\u00e1 a la Asamblea Nacional poderes especiales para defender &#8220;la integridad&#8221; del pa\u00eds tras declarar EU una &#8220;emergencia nacional&#8221; por el &#8220;riesgo extraordinario&#8221; que la situaci\u00f3n del pa\u00eds caribe\u00f1o representar\u00eda para su seguridad.<\/p>\n<p>&#8220;Ayer en la sesi\u00f3n de la Asamblea Nacional (AN) el vicepresidente Ejecutivo (Jorge Arreaza) entreg\u00f3 al presidente (de la AN), Diosdado Cabello, una solicitud para una Ley Habilitante especial y extraordinaria para defender la paz, la soberan\u00eda, la tranquilidad y la integridad de nuestra patria&#8221;, inform\u00f3 Maduro.<\/p>\n<p>&#8220;Una ley antiimperialista para prepararnos en todos los escenarios y en todos ganar y en todos triunfar con la paz&#8221;, a\u00f1adi\u00f3 Maduro durante una alocuci\u00f3n televisada en cadena de radio y televisi\u00f3n desde el Palacio Presidencial.<\/p>\n<p>De ser aprobada por la mayor\u00eda calificada del Parlamento con la que cuenta el chavismo, permitir\u00eda a Maduro gobernar por decreto y sin control parlamentario por el tiempo que solicite la misma.<\/p>\n<p>Se\u00f1al\u00f3 que esta petici\u00f3n se realiza para enfrentar la orden ejecutiva emitida\u00a0 por el presidente de EU, Barack Obama, por la que, adem\u00e1s de declarar esta &#8220;emergencia nacional&#8221; a su pa\u00eds, se &#8220;aplican y ampl\u00edan&#8221; las sanciones a algunos ciudadanos venezolanos incluidas en una ley aprobada en diciembre pasado por Washington.<\/p>\n<p>&#8220;Tengo informaci\u00f3n de primera mano de otras pretensiones del Gobierno de EU, estoy obligado como jefe de Estado, jefe de Gobierno, a aplicar la Constituci\u00f3n en todos sus partes&#8221;, indic\u00f3 Maduro.<\/p>\n<p>El presidente venezolano dijo que para llegar a esta decisi\u00f3n pidi\u00f3 recomendaciones al Consejo de Estado, al Consejo de la Defensa de la Naci\u00f3n, al alto mando militar y al Consejo de vicepresidentes de Gobierno.<\/p>\n<p>&#8220;Recomendaciones para preservar la paz, preservar la soberan\u00eda, para denunciar pol\u00edtica y diplom\u00e1ticamente en todas las instancias esta agresi\u00f3n de los EU&#8221;, asegur\u00f3. (Agencias)<\/p>\n<p><span style=\"font-size: 12.1599998474121px; line-height: 1.3em;\">)<\/span><\/p>\n","protected":false},"excerpt":{"rendered":"<p>Realizar\u00e1 la petici\u00f3n a la Asamblea Nacional<\/p>\n","protected":false},"author":93,"featured_media":0,"comment_status":"open","ping_status":"open","sticky":false,"template":"","format":"standard","meta":{"footnotes":""},"categories":[31],"tags":[],"class_list":["post-2068","post","type-post","status-publish","format-standard","hentry","category-orbe"],"_links":{"self":[{"href":"https:\/\/plazajuarez.mx\/historico\/wp-json\/wp\/v2\/posts\/2068","targetHints":{"allow":["GET"]}}],"collection":[{"href":"https:\/\/plazajuarez.mx\/historico\/wp-json\/wp\/v2\/posts"}],"about":[{"href":"https:\/\/plazajuarez.mx\/historico\/wp-json\/wp\/v2\/types\/post"}],"author":[{"embeddable":true,"href":"https:\/\/plazajuarez.mx\/historico\/wp-json\/wp\/v2\/users\/93"}],"replies":[{"embeddable":true,"href":"https:\/\/plazajuarez.mx\/historico\/wp-json\/wp\/v2\/comments?post=2068"}],"version-history":[{"count":0,"href":"https:\/\/plazajuarez.mx\/historico\/wp-json\/wp\/v2\/posts\/2068\/revisions"}],"wp:attachment":[{"href":"https:\/\/plazajuarez.mx\/historico\/wp-json\/wp\/v2\/media?parent=2068"}],"wp:term":[{"taxonomy":"category","embeddable":true,"href":"https:\/\/plazajuarez.mx\/historico\/wp-json\/wp\/v2\/categories?post=2068"},{"taxonomy":"post_tag","embeddable":true,"href":"https:\/\/plazajuarez.mx\/historico\/wp-json\/wp\/v2\/tags?post=2068"}],"curies":[{"name":"wp","href":"https:\/\/api.w.org\/{rel}","templated":true}]}}