{"id":206726,"date":"2022-03-08T17:34:49","date_gmt":"2022-03-08T23:34:49","guid":{"rendered":"https:\/\/plazajuarez.mx\/?p=206726"},"modified":"2022-03-08T17:35:01","modified_gmt":"2022-03-08T23:35:01","slug":"chog_quirino","status":"publish","type":"post","link":"https:\/\/plazajuarez.mx\/historico\/chog_quirino\/","title":{"rendered":"Osorio Chong admite divisi\u00f3n del PRI para ratificar a Quirino Ordaz"},"content":{"rendered":"\n<p> El coordinador del Partido Revolucionario Institucional (PRI) en el Senado, Miguel \u00c1ngel Osorio Chong, reconoci\u00f3 que su bancada lleg\u00f3 dividida a la sesi\u00f3n plenaria donde se ratific\u00f3 la designaci\u00f3n del exgobernador de Sinaloa, Quirino Ordaz Coppel, como embajador de M\u00e9xico ante el gobierno espa\u00f1ol.<\/p>\n\n\n\n<p>En entrevista, el exsecretario de Gobernaci\u00f3n se\u00f1al\u00f3 que ante las diferencias surgidas en el seno de su grupo parlamentario, se decidi\u00f3 no fijar postura en tribuna, con lo que pr\u00e1cticamente fue la \u00fanica fracci\u00f3n parlamentaria que no expres\u00f3 su opini\u00f3n sobre el nombramiento durante el debate previo a la votaci\u00f3n.<\/p>\n\n\n\n<p>Ante los medios de comunicaci\u00f3n, Osorio Chong asegur\u00f3 que al final de cuentas se dej\u00f3 en libertad a los senadores priistas de votar en contra o abstenerse, en el entendido de que el mandato de la dirigencia pri\u00edsta fue rechazar la designaci\u00f3n de Ordaz Coppel.<\/p>\n\n\n\n<p>Sin embargo, puntualiz\u00f3 que este nombramiento es un intento del gobierno federal y del presidente Andr\u00e9s Manuel L\u00f3pez Obrador de fracturar al PRI, adem\u00e1s de que se presta a la sospecha, primero, respecto al papel del gobernador saliente en los resultados de los comicios pasados y, segundo, sobre la verdadera intenci\u00f3n detr\u00e1s de este nombramiento.<\/p>\n\n\n\n<p>&#8220;Parece que m\u00e1s que reconocer la trayectoria de un priista, se trata de un intento para fracturar la unidad del partido. A quienes as\u00ed lo piensan, les decimos que se equivocan. Desde nuestra bancada no vamos a ser parte de una estrategia para dividir al PRI&#8221;, expres\u00f3.<\/p>\n\n\n\n<p>&#8220;Creo que es una estrategia del gobierno para hacer un enfrentamiento interno en el PRI, por lo menos en el Senado no lo logr\u00f3, y en la militancia estoy seguro que tampoco&#8221;, puntualiz\u00f3 Osorio Chong.<\/p>\n\n\n\n<p>Sobre el proceso de expulsi\u00f3n de Quirino a Ordaz de las filas del PRI, el coordinador de los senadores del tricolor se\u00f1al\u00f3 que los estatutos del partido son muy claros.<\/p>\n\n\n\n<p>No obstante, se pronunci\u00f3 en favor de abrirle un espacio para que se pueda defender; &#8220;yo creo que eso es algo que no ha sucedido, y creo que debe pasar&#8221;.<\/p>\n\n\n\n<p>&#8220;Que no se acostumbre a lo que hace este gobierno de juicios sumarios o medi\u00e1ticos, yo creo que debe de llam\u00e1rsele y que d\u00e9 su argumentaci\u00f3n para ver si actu\u00f3 como debi\u00f3 de haber actuado en el pasado proceso electoral y si actu\u00f3 de manera correcta al aceptar ese nombramiento del presidente de la Rep\u00fablica&#8221;, finaliz\u00f3.<\/p>\n","protected":false},"excerpt":{"rendered":"<p>El coordinador del Partido Revolucionario Institucional (PRI) en el Senado, Miguel \u00c1ngel Osorio Chong, reconoci\u00f3 que su bancada lleg\u00f3 dividida a la sesi\u00f3n plenaria donde se ratific\u00f3 la designaci\u00f3n del exgobernador de Sinaloa, Quirino Ordaz Coppel, como embajador de M\u00e9xico ante el gobierno espa\u00f1ol. En entrevista, el exsecretario de Gobernaci\u00f3n se\u00f1al\u00f3 que ante las diferencias [&hellip;]<\/p>\n","protected":false},"author":81,"featured_media":206727,"comment_status":"closed","ping_status":"closed","sticky":false,"template":"","format":"standard","meta":{"footnotes":""},"categories":[15,36],"tags":[],"class_list":["post-206726","post","type-post","status-publish","format-standard","has-post-thumbnail","hentry","category-destacadas","category-nacion"],"_links":{"self":[{"href":"https:\/\/plazajuarez.mx\/historico\/wp-json\/wp\/v2\/posts\/206726","targetHints":{"allow":["GET"]}}],"collection":[{"href":"https:\/\/plazajuarez.mx\/historico\/wp-json\/wp\/v2\/posts"}],"about":[{"href":"https:\/\/plazajuarez.mx\/historico\/wp-json\/wp\/v2\/types\/post"}],"author":[{"embeddable":true,"href":"https:\/\/plazajuarez.mx\/historico\/wp-json\/wp\/v2\/users\/81"}],"replies":[{"embeddable":true,"href":"https:\/\/plazajuarez.mx\/historico\/wp-json\/wp\/v2\/comments?post=206726"}],"version-history":[{"count":0,"href":"https:\/\/plazajuarez.mx\/historico\/wp-json\/wp\/v2\/posts\/206726\/revisions"}],"wp:featuredmedia":[{"embeddable":true,"href":"https:\/\/plazajuarez.mx\/historico\/wp-json\/wp\/v2\/media\/206727"}],"wp:attachment":[{"href":"https:\/\/plazajuarez.mx\/historico\/wp-json\/wp\/v2\/media?parent=206726"}],"wp:term":[{"taxonomy":"category","embeddable":true,"href":"https:\/\/plazajuarez.mx\/historico\/wp-json\/wp\/v2\/categories?post=206726"},{"taxonomy":"post_tag","embeddable":true,"href":"https:\/\/plazajuarez.mx\/historico\/wp-json\/wp\/v2\/tags?post=206726"}],"curies":[{"name":"wp","href":"https:\/\/api.w.org\/{rel}","templated":true}]}}