{"id":206710,"date":"2022-03-08T14:42:03","date_gmt":"2022-03-08T20:42:03","guid":{"rendered":"https:\/\/plazajuarez.mx\/?p=206710"},"modified":"2022-03-08T14:43:12","modified_gmt":"2022-03-08T20:43:12","slug":"espana_embajador","status":"publish","type":"post","link":"https:\/\/plazajuarez.mx\/historico\/espana_embajador\/","title":{"rendered":"Ratifican a Ordaz como embajador de M\u00e9xico en Espa\u00f1a"},"content":{"rendered":"\n<p>La bancada del PRI en el Senado guard\u00f3 silencio en el debate para la ratificaci\u00f3n del exgobernador de Sinaloa, Quirino Ordaz Coppel, como embajador de M\u00e9xico en el Reino de Espa\u00f1a y, en forma concurrente ante el Principado de Andorra, as\u00ed como Representante Permanente de M\u00e9xico ante la Organizaci\u00f3n Mundial del Turismo (OMT), con sede en Madrid, quien de inmediato rindi\u00f3 la protesta de ley.<\/p>\n\n\n\n<p>A pesar de la advertencia del dirigente nacional del PRI, Alejandro Moreno, de que expulsaran a Quirino Ordaz del partido una vez que rindiera protesta, los senadores de ese partido se dividieron con votos en contra y abstenciones.<\/p>\n\n\n\n<p>&#8212;Quirino Ordaz lamenta inminente expulsi\u00f3n del PRI<\/p>\n\n\n\n<p>El exgobernador de Sinaloa, Quirino Ordaz Coppel, lament\u00f3 la decisi\u00f3n de la dirigencia del PRI de expulsarlo por aceptar la invitaci\u00f3n del presidente Andr\u00e9s Manuel L\u00f3pez a Obrador para ser embajador de M\u00e9xico en Espa\u00f1a, pero asegur\u00f3 que incorporarse al cuerpo diplom\u00e1tico es una distinci\u00f3n y no un tema de colores ni partidos.<\/p>\n\n\n\n<p>Entrevistado al t\u00e9rmino de su comparecencia ante la comisi\u00f3n de Relaciones Exteriores Europea, del Senado, que aprob\u00f3 el dictamen de ratificaci\u00f3n de su nombramiento, Ordaz Coppel dijo que respeta la decisi\u00f3n de la dirigencia del PRI, aunque no la comparte, pues siempre correspondi\u00f3 al apoyo que le dio el partido al hacer un buen gobierno en Sinaloa.<\/p>\n\n\n\n<p>&#8220;Siempre estar\u00e9 agradecido con el PRI por la oportunidad que me dio. Fui un gobernador de tierra, los resultados ah\u00ed est\u00e1n con la gente, las evaluaciones, siempre fui considerado dentro de los mejores gobernadores a nivel nacional, y creo que es una decisi\u00f3n de la dirigencia que yo respeto y lamento, pero creo que es una distinci\u00f3n personal la que recibo. Representas a la naci\u00f3n, al pa\u00eds, al Estado mexicano. No es un tema de partidos ni colores, entonces creo que hay mucho por trabajar y por fortalecer las relaciones con Espa\u00f1a&#8221;, enfatiz\u00f3.<\/p>\n","protected":false},"excerpt":{"rendered":"<p>La bancada del PRI en el Senado guard\u00f3 silencio en el debate para la ratificaci\u00f3n del exgobernador de Sinaloa, Quirino Ordaz Coppel, como embajador de M\u00e9xico en el Reino de Espa\u00f1a y, en forma concurrente ante el Principado de Andorra, as\u00ed como Representante Permanente de M\u00e9xico ante la Organizaci\u00f3n Mundial del Turismo (OMT), con sede [&hellip;]<\/p>\n","protected":false},"author":81,"featured_media":206713,"comment_status":"closed","ping_status":"closed","sticky":false,"template":"","format":"standard","meta":{"footnotes":""},"categories":[15,36],"tags":[],"class_list":["post-206710","post","type-post","status-publish","format-standard","has-post-thumbnail","hentry","category-destacadas","category-nacion"],"_links":{"self":[{"href":"https:\/\/plazajuarez.mx\/historico\/wp-json\/wp\/v2\/posts\/206710","targetHints":{"allow":["GET"]}}],"collection":[{"href":"https:\/\/plazajuarez.mx\/historico\/wp-json\/wp\/v2\/posts"}],"about":[{"href":"https:\/\/plazajuarez.mx\/historico\/wp-json\/wp\/v2\/types\/post"}],"author":[{"embeddable":true,"href":"https:\/\/plazajuarez.mx\/historico\/wp-json\/wp\/v2\/users\/81"}],"replies":[{"embeddable":true,"href":"https:\/\/plazajuarez.mx\/historico\/wp-json\/wp\/v2\/comments?post=206710"}],"version-history":[{"count":0,"href":"https:\/\/plazajuarez.mx\/historico\/wp-json\/wp\/v2\/posts\/206710\/revisions"}],"wp:featuredmedia":[{"embeddable":true,"href":"https:\/\/plazajuarez.mx\/historico\/wp-json\/wp\/v2\/media\/206713"}],"wp:attachment":[{"href":"https:\/\/plazajuarez.mx\/historico\/wp-json\/wp\/v2\/media?parent=206710"}],"wp:term":[{"taxonomy":"category","embeddable":true,"href":"https:\/\/plazajuarez.mx\/historico\/wp-json\/wp\/v2\/categories?post=206710"},{"taxonomy":"post_tag","embeddable":true,"href":"https:\/\/plazajuarez.mx\/historico\/wp-json\/wp\/v2\/tags?post=206710"}],"curies":[{"name":"wp","href":"https:\/\/api.w.org\/{rel}","templated":true}]}}