{"id":206704,"date":"2022-03-08T14:14:13","date_gmt":"2022-03-08T20:14:13","guid":{"rendered":"https:\/\/plazajuarez.mx\/?p=206704"},"modified":"2022-03-08T14:14:31","modified_gmt":"2022-03-08T20:14:31","slug":"mujers_amlo","status":"publish","type":"post","link":"https:\/\/plazajuarez.mx\/historico\/mujers_amlo\/","title":{"rendered":"Mujeres arropan a AMLO en el 8M"},"content":{"rendered":"\n<p> De traje sastre, pashminas, prendas moradas, zapatillas, blusas blancas y verdes, con pantalones de mezclilla, funcionarias, gobernadoras, legisladoras, enfermeras y l\u00edderes pol\u00edticas, mujeres l\u00edderes la transformaci\u00f3n arroparon al presidente Andr\u00e9s Manuel L\u00f3pez Obrador en el D\u00eda Internacional de la Mujer.<\/p>\n\n\n\n<p>Luego de que el presidente L\u00f3pez Obrador salud\u00f3 a la bandera, en el Patio Central de Palacio Nacional, vino una cascada de aplausos de 49 segundos que interrumpi\u00f3 con el pu\u00f1o izquierdo en lo alto repitiendo en una voz: &#8220;\u00a1Es un honor, estar con Obrador!&#8221;.<\/p>\n\n\n\n<p>Escuchando las porras a su favor, en el centro del escenario, el Presidente agradeci\u00f3 cruzando los brazos en se\u00f1al de abrazo.<\/p>\n\n\n\n<p>A su lado derecho, la jefa de Gobierno de la Ciudad de M\u00e9xico, Claudia Sheinbaum; en el izquierdo, la titular de Inmujeres Nadine Gasman; con ellas, la diputada federal de Morena, Andrea Ch\u00e1vez; la ministra Loretta Ort\u00edz; la gobernadora del Banco de M\u00e9xico, Victoria Rodr\u00edguez; y la presidenta del Senado, Olga S\u00e1nchez Codero.<\/p>\n\n\n\n<p>&#8220;Aunque a algunos les moleste&#8221;, Claudia Sheinbaum expres\u00f3 que fue el presidente L\u00f3pez Obrador fue el primero que hizo un gabinete paritario en la historia de M\u00e9xico, quien propuso una gobernadora para el Banco de M\u00e9xico, el que por primera vez nombr\u00f3 a una secretaria de Seguridad P\u00fablica y el que ha propuesto m\u00e1s mujeres a para la Corte.<\/p>\n\n\n\n<p>&#8220;Se llama Andr\u00e9s Manuel L\u00f3pez Obrador&#8221;, dijo la jefa de Gobierno.<\/p>\n\n\n\n<p>La diputada federal Andrea Ch\u00e1vez, de Chihuahua, salud\u00f3 con mucho orgullo al Presidente, &#8220;que nos devolvi\u00f3 la esperanza de saber que no est\u00e1bamos condenadas y condenados a elegir entre lo mismo y lo mismo&#8221;.<\/p>\n\n\n\n<p>&#8220;Tambi\u00e9n enviamos saludos a la doctora Beatriz (Guti\u00e9rrez M\u00fcller), que ha sufrido los ataques m\u00e1s mis\u00f3ginos, ruines y mezquinos&#8221;, dijo la legisladora de Morena a quien sus compa\u00f1eras de lucha le cantaron las ma\u00f1anitas en su d\u00eda de cumplea\u00f1os.<\/p>\n\n\n\n<p>Al t\u00e9rmino de sus discursos oficiales, las mujeres l\u00edderes de la transformaci\u00f3n volvieron a la arenga: &#8220;\u00a1Es un honooor, estar con Obradooor!&#8221; y &#8220;\u00a1No est\u00e1s solo!&#8221;, &#8220;\u00a1No est\u00e1s solo!&#8221;.<\/p>\n\n\n\n<p>Al concluir el Himno Nacional, las mujeres en Palacio Nacional hicieron que el presidente L\u00f3pez Obrador regresara al p\u00f3dium al grito de &#8220;\u00a1Foto, foto, foto!&#8221;, para arremolinarse en torno al titular del Poder Ejecutivo.<\/p>\n\n\n\n<p>Entre celulares y abrazos, L\u00f3pez Obrador salud\u00f3 de beso en la mejilla a Ernestina Godoy, fiscal de la Ciudad de M\u00e9xico, mientras sus compa\u00f1eras empujaban para tomarse una &#8220;selfie&#8221; con el Mandatario.<\/p>\n\n\n\n<p>Son mujeres de lucha, progresistas y feministas, que sobre sus hombros llevan el peso de la Cuarta Transformaci\u00f3n, pero que tambi\u00e9n defienden a &#8220;las desheredas&#8221; por historia, quienes luchan para los derechos de mujeres y ni\u00f1as, que claman cambiar las cosas y que se acabe la discriminaci\u00f3n y violencias.<\/p>\n","protected":false},"excerpt":{"rendered":"<p>De traje sastre, pashminas, prendas moradas, zapatillas, blusas blancas y verdes, con pantalones de mezclilla, funcionarias, gobernadoras, legisladoras, enfermeras y l\u00edderes pol\u00edticas, mujeres l\u00edderes la transformaci\u00f3n arroparon al presidente Andr\u00e9s Manuel L\u00f3pez Obrador en el D\u00eda Internacional de la Mujer. Luego de que el presidente L\u00f3pez Obrador salud\u00f3 a la bandera, en el Patio Central [&hellip;]<\/p>\n","protected":false},"author":81,"featured_media":206705,"comment_status":"closed","ping_status":"closed","sticky":false,"template":"","format":"standard","meta":{"footnotes":""},"categories":[15,36],"tags":[2204,144],"class_list":["post-206704","post","type-post","status-publish","format-standard","has-post-thumbnail","hentry","category-destacadas","category-nacion","tag-8m","tag-amlo"],"_links":{"self":[{"href":"https:\/\/plazajuarez.mx\/historico\/wp-json\/wp\/v2\/posts\/206704","targetHints":{"allow":["GET"]}}],"collection":[{"href":"https:\/\/plazajuarez.mx\/historico\/wp-json\/wp\/v2\/posts"}],"about":[{"href":"https:\/\/plazajuarez.mx\/historico\/wp-json\/wp\/v2\/types\/post"}],"author":[{"embeddable":true,"href":"https:\/\/plazajuarez.mx\/historico\/wp-json\/wp\/v2\/users\/81"}],"replies":[{"embeddable":true,"href":"https:\/\/plazajuarez.mx\/historico\/wp-json\/wp\/v2\/comments?post=206704"}],"version-history":[{"count":0,"href":"https:\/\/plazajuarez.mx\/historico\/wp-json\/wp\/v2\/posts\/206704\/revisions"}],"wp:featuredmedia":[{"embeddable":true,"href":"https:\/\/plazajuarez.mx\/historico\/wp-json\/wp\/v2\/media\/206705"}],"wp:attachment":[{"href":"https:\/\/plazajuarez.mx\/historico\/wp-json\/wp\/v2\/media?parent=206704"}],"wp:term":[{"taxonomy":"category","embeddable":true,"href":"https:\/\/plazajuarez.mx\/historico\/wp-json\/wp\/v2\/categories?post=206704"},{"taxonomy":"post_tag","embeddable":true,"href":"https:\/\/plazajuarez.mx\/historico\/wp-json\/wp\/v2\/tags?post=206704"}],"curies":[{"name":"wp","href":"https:\/\/api.w.org\/{rel}","templated":true}]}}