{"id":206701,"date":"2022-03-08T14:04:10","date_gmt":"2022-03-08T20:04:10","guid":{"rendered":"https:\/\/plazajuarez.mx\/?p=206701"},"modified":"2022-03-08T14:04:25","modified_gmt":"2022-03-08T20:04:25","slug":"neoliberalismo_mujer","status":"publish","type":"post","link":"https:\/\/plazajuarez.mx\/historico\/neoliberalismo_mujer\/","title":{"rendered":"El Gobierno de M\u00e9xico carga contra el &#8220;neoliberalismo&#8221; en el D\u00eda de la Mujer"},"content":{"rendered":"\n<p>El presidente de M\u00e9xico, Andr\u00e9s Manuel L\u00f3pez Obrador, y las mujeres de su Gobierno criticaron hoy &#8220;el neoliberalismo&#8221; y el &#8220;conservadurismo&#8221; en la conmemoraci\u00f3n del 8 de marzo, D\u00eda Internacional de la Mujer.<\/p>\n\n\n\n<p>\u201cNo debemos olvidar que es fundamental, b\u00e1sico, luchar por la igualdad econ\u00f3mica y social. Luchar en contra de la opresi\u00f3n, luchar en contra del racismo, del clasismo, de la discriminaci\u00f3n&#8221;, manifest\u00f3 L\u00f3pez Obrador en el evento en el Palacio Nacional.<\/p>\n\n\n\n<p>Mientras fuera del recinto activistas iniciaban sus protestas y escrib\u00edan &#8220;M\u00e9xico feminicida&#8221; en las vallas que el Gobierno coloc\u00f3 para proteger Palacio Nacional, tambi\u00e9n residencia del presidente, L\u00f3pez Obrador organiz\u00f3 un evento arropado por las mujeres del oficialismo.<\/p>\n\n\n\n<p>El mandatario destac\u00f3 los avances pol\u00edticos de su Gobierno, como un gabinete paritario, el nombramiento de tres mujeres para la Suprema Corte, la designaci\u00f3n de la primera gobernadora del Banco de M\u00e9xico (Banxico), un Congreso paritario y la elecci\u00f3n de siete gobernadoras estatales.<\/p>\n\n\n\n<p>&#8220;Como M\u00e9xico no hay dos en Am\u00e9rica en cuanto a participaci\u00f3n de las mujeres en cuanto a decisiones p\u00fablicas. No hay otro pa\u00eds en toda Am\u00e9rica con tantas mujeres en puestos de administraci\u00f3n o en puestos de representaci\u00f3n pol\u00edtica&#8221;, sostuvo el presidente.<\/p>\n\n\n\n<p>Horas antes, el mandatario caus\u00f3 pol\u00e9mica por insistir en que &#8220;el conservadurismo&#8221; ha &#8220;infiltrado&#8221; el movimiento feminista en M\u00e9xico, donde hoy \u00e9l espera que haya manifestantes con sopletes, marros y bombas molotov que intenten da\u00f1ar el Palacio Nacional y la Catedral.<\/p>\n\n\n\n<p>Por ello, las autoridades desplegaron a cientos de agentes y colocaron muros met\u00e1licos en el centro hist\u00f3rico de la capital, donde las mujeres han comenzado a manifestarse y realizar pintadas en las vallas.<\/p>\n\n\n\n<p>\u201cNo es feminista el uso de la violencia, no se puede usar la violencia para convencer de una causa, la violencia es esencia machista&#8221;, declar\u00f3 Claudia Sheinbaum, jefa de Gobierno de Ciudad de M\u00e9xico.<\/p>\n\n\n\n<p>Sheinbaum, que tambi\u00e9n critic\u00f3 el &#8220;neoliberalismo&#8221;, comenz\u00f3 su discurso agradeciendo &#8220;la labor primordial&#8221; de todas las mujeres de M\u00e9xico, desde las trabajadoras del hogar a las mujeres ind\u00edgenas, las polic\u00edas o aquellas de &#8220;pueblos originarios que lucharon contra la invasi\u00f3n espa\u00f1ola&#8221;.<\/p>\n\n\n\n<p>Asimismo, Sheinbaum glos\u00f3 las afirmaciones del presidente mexicano al denunciar que &#8220;el conservadurismo es justamente el que est\u00e1 cargado de misoginia, racismo y clasismo&#8221;.<\/p>\n\n\n\n<p>\u201cQuienes pagan campa\u00f1as de calumnias porque quieren regresar al M\u00e9xico donde unos pocos tienen control y se beneficiaban de los recursos p\u00fablicos son los que se quieren apropiar falsamente de la demanda de erradicaci\u00f3n de la violencia hacia la mujer\u201d, manifest\u00f3.<\/p>\n\n\n\n<p>Nadine Gasman, titular del Instituto Nacional de las Mujeres (Inmujeres) de M\u00e9xico, tambi\u00e9n resalt\u00f3 el papel de las &#8220;mujeres de la transformaci\u00f3n&#8221;.<\/p>\n\n\n\n<p>La funcionaria argument\u00f3 que 57 % de los recursos de programas sociales del Gobierno van a las mujeres.<\/p>\n\n\n\n<p>\u201cSon apuestas transformadoras que buscan revertir los efectos nocivos de los a\u00f1os de pol\u00edticas neoliberales que impusieron el imaginario de un individuo que no necesita de los dem\u00e1s\u201d, dijo.<\/p>\n\n\n\n<p>La diputada oficialista Andrea Ch\u00e1vez tambi\u00e9n critic\u00f3 a &#8220;aquellos que acaban de descubrir esta lucha de siglos y la utilizan como herramienta de golpeteo electoral&#8221;.<\/p>\n\n\n\n<p>Victoria Rodr\u00edguez Ceja, gobernadora del Banco de M\u00e9xico nombrada por el presidente, destac\u00f3 que solo en Australia un banco central tiene una integraci\u00f3n con mayor\u00eda de mujeres, como en M\u00e9xico.<\/p>\n\n\n\n<p>\u201cM\u00e9xico es de las pocas econom\u00edas que conf\u00edan el poder adquisitivo de su moneda a un \u00f3rgano colegiado en donde las mujeres son mayor\u00eda. Vale la pena reflexionar sobre c\u00f3mo la evoluci\u00f3n de nuestra sociedad ha producido la actual configuraci\u00f3n de nuestra Junta de Gobierno\u201d, se\u00f1al\u00f3.<\/p>\n","protected":false},"excerpt":{"rendered":"<p>El presidente de M\u00e9xico, Andr\u00e9s Manuel L\u00f3pez Obrador, y las mujeres de su Gobierno criticaron hoy &#8220;el neoliberalismo&#8221; y el &#8220;conservadurismo&#8221; en la conmemoraci\u00f3n del 8 de marzo, D\u00eda Internacional de la Mujer. \u201cNo debemos olvidar que es fundamental, b\u00e1sico, luchar por la igualdad econ\u00f3mica y social. Luchar en contra de la opresi\u00f3n, luchar en [&hellip;]<\/p>\n","protected":false},"author":81,"featured_media":206702,"comment_status":"closed","ping_status":"open","sticky":false,"template":"","format":"standard","meta":{"footnotes":""},"categories":[15,36],"tags":[2252,144],"class_list":["post-206701","post","type-post","status-publish","format-standard","has-post-thumbnail","hentry","category-destacadas","category-nacion","tag-8m-mexico","tag-amlo"],"_links":{"self":[{"href":"https:\/\/plazajuarez.mx\/historico\/wp-json\/wp\/v2\/posts\/206701","targetHints":{"allow":["GET"]}}],"collection":[{"href":"https:\/\/plazajuarez.mx\/historico\/wp-json\/wp\/v2\/posts"}],"about":[{"href":"https:\/\/plazajuarez.mx\/historico\/wp-json\/wp\/v2\/types\/post"}],"author":[{"embeddable":true,"href":"https:\/\/plazajuarez.mx\/historico\/wp-json\/wp\/v2\/users\/81"}],"replies":[{"embeddable":true,"href":"https:\/\/plazajuarez.mx\/historico\/wp-json\/wp\/v2\/comments?post=206701"}],"version-history":[{"count":0,"href":"https:\/\/plazajuarez.mx\/historico\/wp-json\/wp\/v2\/posts\/206701\/revisions"}],"wp:featuredmedia":[{"embeddable":true,"href":"https:\/\/plazajuarez.mx\/historico\/wp-json\/wp\/v2\/media\/206702"}],"wp:attachment":[{"href":"https:\/\/plazajuarez.mx\/historico\/wp-json\/wp\/v2\/media?parent=206701"}],"wp:term":[{"taxonomy":"category","embeddable":true,"href":"https:\/\/plazajuarez.mx\/historico\/wp-json\/wp\/v2\/categories?post=206701"},{"taxonomy":"post_tag","embeddable":true,"href":"https:\/\/plazajuarez.mx\/historico\/wp-json\/wp\/v2\/tags?post=206701"}],"curies":[{"name":"wp","href":"https:\/\/api.w.org\/{rel}","templated":true}]}}