{"id":206700,"date":"2022-03-08T14:24:10","date_gmt":"2022-03-08T20:24:10","guid":{"rendered":"https:\/\/plazajuarez.mx\/?p=206700"},"modified":"2022-03-08T14:24:24","modified_gmt":"2022-03-08T20:24:24","slug":"gertz_udla","status":"publish","type":"post","link":"https:\/\/plazajuarez.mx\/historico\/gertz_udla\/","title":{"rendered":"Piden a Gertz aclarar recursos desde cuentas de UDLA"},"content":{"rendered":"\n<p> Senadores y dirigentes del PAN, Grupo Plural y PRD urgieron la comparecencia del titular de la Fiscal\u00eda General de la Rep\u00fablica (FGR), Alejandro Gertz Manero, para que aclare la triangulaci\u00f3n de recursos millonarios a su favor desde cuentas de la Universidad de las Am\u00e9ricas (UDLA) para ser enviados al extranjero.<\/p>\n\n\n\n<p>Tras lo publicado este martes por EL UNIVERSAL, con base en un informe de la Unidad de Inteligencia Financiera (UIF) de la Secretar\u00eda de Hacienda, se\u00f1alaron que es grave el deterioro de la imagen de la FGR a ra\u00edz de temas como las filtraciones de grabaciones y presiones de Gertz Manero en contra de un ministro sumado a otros casos.<\/p>\n\n\n\n<p>El coordinador del PAN en el Senado, Julen Rementer\u00eda, dijo que el titular de la dependencia &#8220;deber\u00eda ser una persona que no tenga ning\u00fan tipo de se\u00f1alamientos, pero desafortunadamente esto de la UDLA, la filtraci\u00f3n de los audios, su supuesta intervenci\u00f3n en el caso que involucra el fallecimiento de su hermano, pues deja muy mal parado a la Fiscal\u00eda&#8221;.<\/p>\n\n\n\n<p>En entrevista con EL UNIVERSAL indic\u00f3 que se debe investigar a fondo y hasta sus \u00faltimas consecuencias todos estos temas que lo involucran.<\/p>\n\n\n\n<p>Dijo que el PAN est\u00e1 a favor de su comparecencia, pero aclar\u00f3 que a\u00fan no hay acuerdo al interior de la Junta de Coordinaci\u00f3n Pol\u00edtica, pero urgi\u00f3 a que \u00e9ste se logre &#8220;lo antes posible&#8221;.<\/p>\n\n\n\n<p>&#8220;Gertz ya se convirti\u00f3 en el fiscal carnal del presidente L\u00f3pez Obrador. Es desafortunada la defensa que hace de \u00e9l, asumiendo que es una posici\u00f3n m\u00e1s del presidente y no de una Fiscal\u00eda aut\u00f3noma&#8221;, apunt\u00f3.<\/p>\n\n\n\n<p>&#8212;Lamentan respaldo de AMLO a Gertz Manero<\/p>\n\n\n\n<p>Por su parte, Emilio \u00c1lvarez Icaza, senador del Grupo Plural, expuso que es triste que la justicia &#8220;est\u00e9 absolutamente p\u00e9rdida en M\u00e9xico&#8221;, pues consider\u00f3 que el fiscal est\u00e1 dedicado a venganzas personales, donde utiliza las herramientas de justicia a su favor.<\/p>\n\n\n\n<p>Record\u00f3 que \u00e9l fue de quienes apoyaron el nombramiento de Gertz Manero en la FGR y &#8220;me duele que ahora vemos masacres, periodistas asesinados, situaciones muy graves, donde la FGR no investiga, no act\u00faa y en lugar de ello ahora trafica influencias con la Corte.<\/p>\n\n\n\n<p>&#8220;Yo creo que es el momento en que el fiscal Gertz se haga un lado, que renuncie&#8221;, indic\u00f3.<\/p>\n\n\n\n<p>Asimismo lament\u00f3 la postura del presidente L\u00f3pez Obrador, &#8220;quien ya mand\u00f3 un mensaje desafortunado de respaldo&#8221;.<\/p>\n\n\n\n<p>Por su parte, la secretaria general del PRD, Adriana D\u00edaz Contreras, lament\u00f3 que el fiscal Gertz Manero se haya convertido en lo que sol\u00edan criticar Morena y L\u00f3pez Obrador. En un &#8220;fiscal carnal&#8221;, dijo.<\/p>\n\n\n\n<p>En entrevista en el Senado, la perredista se\u00f1al\u00f3 que es preocupante la forma c\u00f3mo en el gobierno federal utilizan las instituciones para litigar intereses personales.<\/p>\n\n\n\n<p>En el caso de la Fiscal\u00eda General, D\u00edaz Contreras apunt\u00f3 que esta nueva evidencia deber\u00eda ser suficiente para exigir la renuncia del titular, ya que Gertz Manero ha priorizado en todo momento una agenda personal sobre la agenda de justicia nacional.<\/p>\n","protected":false},"excerpt":{"rendered":"<p>Senadores y dirigentes del PAN, Grupo Plural y PRD urgieron la comparecencia del titular de la Fiscal\u00eda General de la Rep\u00fablica (FGR), Alejandro Gertz Manero, para que aclare la triangulaci\u00f3n de recursos millonarios a su favor desde cuentas de la Universidad de las Am\u00e9ricas (UDLA) para ser enviados al extranjero. Tras lo publicado este martes [&hellip;]<\/p>\n","protected":false},"author":81,"featured_media":206707,"comment_status":"closed","ping_status":"closed","sticky":false,"template":"","format":"standard","meta":{"footnotes":""},"categories":[36],"tags":[144],"class_list":["post-206700","post","type-post","status-publish","format-standard","has-post-thumbnail","hentry","category-nacion","tag-amlo"],"_links":{"self":[{"href":"https:\/\/plazajuarez.mx\/historico\/wp-json\/wp\/v2\/posts\/206700","targetHints":{"allow":["GET"]}}],"collection":[{"href":"https:\/\/plazajuarez.mx\/historico\/wp-json\/wp\/v2\/posts"}],"about":[{"href":"https:\/\/plazajuarez.mx\/historico\/wp-json\/wp\/v2\/types\/post"}],"author":[{"embeddable":true,"href":"https:\/\/plazajuarez.mx\/historico\/wp-json\/wp\/v2\/users\/81"}],"replies":[{"embeddable":true,"href":"https:\/\/plazajuarez.mx\/historico\/wp-json\/wp\/v2\/comments?post=206700"}],"version-history":[{"count":0,"href":"https:\/\/plazajuarez.mx\/historico\/wp-json\/wp\/v2\/posts\/206700\/revisions"}],"wp:featuredmedia":[{"embeddable":true,"href":"https:\/\/plazajuarez.mx\/historico\/wp-json\/wp\/v2\/media\/206707"}],"wp:attachment":[{"href":"https:\/\/plazajuarez.mx\/historico\/wp-json\/wp\/v2\/media?parent=206700"}],"wp:term":[{"taxonomy":"category","embeddable":true,"href":"https:\/\/plazajuarez.mx\/historico\/wp-json\/wp\/v2\/categories?post=206700"},{"taxonomy":"post_tag","embeddable":true,"href":"https:\/\/plazajuarez.mx\/historico\/wp-json\/wp\/v2\/tags?post=206700"}],"curies":[{"name":"wp","href":"https:\/\/api.w.org\/{rel}","templated":true}]}}