{"id":2067,"date":"2015-03-11T06:00:00","date_gmt":"2015-03-11T06:00:00","guid":{"rendered":"http:\/\/plazajuarez.mx\/index\/index.php\/2015\/03\/11\/fidel-castro-felicita-a-maduro-por-su-discurso-ante-los-brutales-planes-de-eu\/"},"modified":"2015-03-11T06:00:00","modified_gmt":"2015-03-11T06:00:00","slug":"fidel-castro-felicita-a-maduro-por-su-discurso-ante-los-brutales-planes-de-eu","status":"publish","type":"post","link":"https:\/\/plazajuarez.mx\/historico\/fidel-castro-felicita-a-maduro-por-su-discurso-ante-los-brutales-planes-de-eu\/","title":{"rendered":"Fidel Castro felicita a Maduro por su  discurso ante los &#8216;brutales planes&#8217; de EU"},"content":{"rendered":"<p>La Habana.- Cuba asegur\u00f3 ayer su &#8220;apoyo incondicional&#8221; a Venezuela, tras calificar de &#8220;arbitraria y agresiva&#8221; la orden de EU de declarar la &#8220;emergencia nacional&#8221; ante el &#8220;riesgo extraordinario&#8221; que supone la situaci\u00f3n venezolana para la seguridad del pa\u00eds.<\/p>\n<p>  <!--more-->  <\/p>\n<p>\u00a0<\/p>\n<p>El Gobierno cubano &#8220;reitera nuevamente su incondicional apoyo y el de nuestro pueblo a la Revoluci\u00f3n bolivariana, al Gobierno leg\u00edtimo del presidente Nicol\u00e1s Maduro Moros y al heroico pueblo hermano de Venezuela&#8221;, se indica en una declaraci\u00f3n oficial publicada en el diario Granma.<\/p>\n<p>&#8220;Nadie tiene derecho a intervenir en los asuntos internos de un Estado soberano ni a declararlo, sin fundamento alguno, como amenaza a su seguridad nacional&#8221;, se a\u00f1ade en el texto difundido en la p\u00e1gina web del diario oficial del Gobierno cubano.<\/p>\n<p>El expresidente cubano Fidel Castro felicit\u00f3 al mandatario venezolano, Nicol\u00e1s Maduro, por su &#8220;brillante y valiente&#8221; discurso ante los &#8220;brutales planes&#8221; de EU contra su pa\u00eds, en una breve misiva publicada hoy en la isla.<\/p>\n<p>&#8220;Querido Nicol\u00e1s Maduro, presidente de la Rep\u00fablica Bolivariana de Venezuela: Te felicito por tu brillante y valiente discurso frente a los brutales planes del Gobierno de Estados Unidos&#8221;, afirma Castro en la carta, fechada en la noche del lunes y divulgada en medios oficiales.<\/p>\n<p>&#8220;Tus palabras pasar\u00e1n a la historia como prueba de que la Humanidad puede y debe conocer la verdad&#8221;, a\u00f1adi\u00f3, en lo que se infiere sea una referencia al discurso realizado ayer por Maduro desde el Palacio de Miraflores en Caracas. El mensaje de Castro, de 88 a\u00f1os y retirado del poder desde 2006, se suma a una declaraci\u00f3n oficial del Gobierno cubano. (Agencias)<\/p>\n","protected":false},"excerpt":{"rendered":"<p>La Habana.- Cuba asegur\u00f3 ayer su &#8220;apoyo incondicional&#8221; a Venezuela, tras calificar de &#8220;arbitraria y agresiva&#8221; la orden de EU de declarar la &#8220;emergencia nacional&#8221; ante el &#8220;riesgo extraordinario&#8221; que supone la situaci\u00f3n venezolana para la seguridad del pa\u00eds.<\/p>\n","protected":false},"author":93,"featured_media":0,"comment_status":"open","ping_status":"open","sticky":false,"template":"","format":"standard","meta":{"footnotes":""},"categories":[31],"tags":[],"class_list":["post-2067","post","type-post","status-publish","format-standard","hentry","category-orbe"],"_links":{"self":[{"href":"https:\/\/plazajuarez.mx\/historico\/wp-json\/wp\/v2\/posts\/2067","targetHints":{"allow":["GET"]}}],"collection":[{"href":"https:\/\/plazajuarez.mx\/historico\/wp-json\/wp\/v2\/posts"}],"about":[{"href":"https:\/\/plazajuarez.mx\/historico\/wp-json\/wp\/v2\/types\/post"}],"author":[{"embeddable":true,"href":"https:\/\/plazajuarez.mx\/historico\/wp-json\/wp\/v2\/users\/93"}],"replies":[{"embeddable":true,"href":"https:\/\/plazajuarez.mx\/historico\/wp-json\/wp\/v2\/comments?post=2067"}],"version-history":[{"count":0,"href":"https:\/\/plazajuarez.mx\/historico\/wp-json\/wp\/v2\/posts\/2067\/revisions"}],"wp:attachment":[{"href":"https:\/\/plazajuarez.mx\/historico\/wp-json\/wp\/v2\/media?parent=2067"}],"wp:term":[{"taxonomy":"category","embeddable":true,"href":"https:\/\/plazajuarez.mx\/historico\/wp-json\/wp\/v2\/categories?post=2067"},{"taxonomy":"post_tag","embeddable":true,"href":"https:\/\/plazajuarez.mx\/historico\/wp-json\/wp\/v2\/tags?post=2067"}],"curies":[{"name":"wp","href":"https:\/\/api.w.org\/{rel}","templated":true}]}}