{"id":206697,"date":"2022-03-08T13:57:14","date_gmt":"2022-03-08T19:57:14","guid":{"rendered":"https:\/\/plazajuarez.mx\/?p=206697"},"modified":"2022-03-08T13:57:25","modified_gmt":"2022-03-08T19:57:25","slug":"iphone_se","status":"publish","type":"post","link":"https:\/\/plazajuarez.mx\/historico\/iphone_se\/","title":{"rendered":"Estos son los diferentes precios del nuevo iPhone SE en M\u00e9xico"},"content":{"rendered":"\n<p>Este martes Apple realiz\u00f3 su primer evento del a\u00f1o, la sede fue el Apple Park, en el cual, la fira present\u00f3 su nuevo iPhone SE (2022). Despu\u00e9s de la habitual oleada de filtraciones, Apple present\u00f3 oficialmente su nuevo iPhone &#8220;barato&#8221;.<\/p>\n\n\n\n<p>Como se esperaba, el nuevo iPhone SE mantiene la esencia de este tipo de dispositivos al contar con el dise\u00f1o &#8220;retro&#8221; del iPhone 8, pero con la potencia del chip A15 Bionic,el cual potencia al iPhone 13.<\/p>\n\n\n\n<p>El dispositivo sobresale por sus capacidades de fotograf\u00eda computacional, que es capaz de procesar por separado secciones de la misma foto para enriquecer y detallar las im\u00e1genes.<\/p>\n\n\n\n<p>El tel\u00e9fono inteligente incluye un dise\u00f1o de bordes redondeados. Como elemento que lo diferencia con el modelo insignia de Apple es que, mientras el iPhone 13 utiliza un sistema de desbloqueo basado en el reconocimiento facial (Face ID), el iPhone anunciado hoy trabaja con un sensor de huella digital (Touch ID), ubicado en la parte inferior de la pantalla.<\/p>\n\n\n\n<p>Colores del nuevo iPhone SE<\/p>\n\n\n\n<p>Este equipo cuenta con conexi\u00f3n a redes de quinta generaci\u00f3n 5G y estar\u00e1 disponible en tres colores: negro, blanco y rojo Product(RED).<\/p>\n\n\n\n<p>Entre sus caracter\u00edsticas, cuenta con una pantalla de 4.7 pulgadas, certificaci\u00f3n IP67 y el nuevo cristal de Apple tanto en la pantalla como en la parte posterior. Saldr\u00e1 a la venta a partir del 28 de marzo.<\/p>\n\n\n\n<p>\u00bfCu\u00e1nto cuesta el iPhone SE en M\u00e9xico?<\/p>\n\n\n\n<p>El nuevo tel\u00e9fono de Apple tendr\u00e1 los siguientes precios en M\u00e9xico:<\/p>\n\n\n\n<p>iPhone SE 64GB &#8211; 11 mil 499 pesos.<\/p>\n\n\n\n<p>iPhone SE 128GB &#8211; 12 mil 999 pesos.<\/p>\n\n\n\n<p>iPhone SE 256GB &#8211; 15 mil 999 pesos.<\/p>\n\n\n\n<p>Apple iPhone SE 5G<\/p>\n\n\n\n<p>A continuaci\u00f3n, te enumeramos las caracter\u00edsticas de este dispositivo:<\/p>\n\n\n\n<p>Pantalla: 4.7 pulgadas LCD IPS.<\/p>\n\n\n\n<p>C\u00e1mara frontal: FaceTime HD de 7 megapixeles.<\/p>\n\n\n\n<p>C\u00e1mara trasera : sistema de c\u00e1mara \u00fanica de 12 megapixeles tipo gran angular.<\/p>\n\n\n\n<p>Zoom: digital de hasta 3x.<\/p>\n\n\n\n<p>Video: grabaci\u00f3n en 4K a 24 cuadros por segundo.<\/p>\n\n\n\n<p>Procesador: chip A15 Bionic.<\/p>\n\n\n\n<p>Conectividad: compatible con redes 5G.<\/p>\n\n\n\n<p>Bater\u00eda: hasta 15 horas de duraci\u00f3n.<\/p>\n\n\n\n<p>Biometr\u00eda: sensor de huellas digitales Touch ID<\/p>\n\n\n\n<p>Certificaci\u00f3n: IP67, resistente a inmersiones de un metro de profundidad por hasta 30 minutos.<\/p>\n\n\n\n<p>Carga inal\u00e1mbrica: no.<\/p>\n\n\n\n<p>Capacidades: 64, 128 y 256 GB.<\/p>\n","protected":false},"excerpt":{"rendered":"<p>Este martes Apple realiz\u00f3 su primer evento del a\u00f1o, la sede fue el Apple Park, en el cual, la fira present\u00f3 su nuevo iPhone SE (2022). Despu\u00e9s de la habitual oleada de filtraciones, Apple present\u00f3 oficialmente su nuevo iPhone &#8220;barato&#8221;. Como se esperaba, el nuevo iPhone SE mantiene la esencia de este tipo de dispositivos [&hellip;]<\/p>\n","protected":false},"author":81,"featured_media":206698,"comment_status":"closed","ping_status":"closed","sticky":false,"template":"","format":"standard","meta":{"footnotes":""},"categories":[2166],"tags":[],"class_list":["post-206697","post","type-post","status-publish","format-standard","has-post-thumbnail","hentry","category-viral"],"_links":{"self":[{"href":"https:\/\/plazajuarez.mx\/historico\/wp-json\/wp\/v2\/posts\/206697","targetHints":{"allow":["GET"]}}],"collection":[{"href":"https:\/\/plazajuarez.mx\/historico\/wp-json\/wp\/v2\/posts"}],"about":[{"href":"https:\/\/plazajuarez.mx\/historico\/wp-json\/wp\/v2\/types\/post"}],"author":[{"embeddable":true,"href":"https:\/\/plazajuarez.mx\/historico\/wp-json\/wp\/v2\/users\/81"}],"replies":[{"embeddable":true,"href":"https:\/\/plazajuarez.mx\/historico\/wp-json\/wp\/v2\/comments?post=206697"}],"version-history":[{"count":0,"href":"https:\/\/plazajuarez.mx\/historico\/wp-json\/wp\/v2\/posts\/206697\/revisions"}],"wp:featuredmedia":[{"embeddable":true,"href":"https:\/\/plazajuarez.mx\/historico\/wp-json\/wp\/v2\/media\/206698"}],"wp:attachment":[{"href":"https:\/\/plazajuarez.mx\/historico\/wp-json\/wp\/v2\/media?parent=206697"}],"wp:term":[{"taxonomy":"category","embeddable":true,"href":"https:\/\/plazajuarez.mx\/historico\/wp-json\/wp\/v2\/categories?post=206697"},{"taxonomy":"post_tag","embeddable":true,"href":"https:\/\/plazajuarez.mx\/historico\/wp-json\/wp\/v2\/tags?post=206697"}],"curies":[{"name":"wp","href":"https:\/\/api.w.org\/{rel}","templated":true}]}}