{"id":206694,"date":"2022-03-08T13:46:23","date_gmt":"2022-03-08T19:46:23","guid":{"rendered":"https:\/\/plazajuarez.mx\/?p=206694"},"modified":"2022-03-08T13:46:41","modified_gmt":"2022-03-08T19:46:41","slug":"eleazar_mujer","status":"publish","type":"post","link":"https:\/\/plazajuarez.mx\/historico\/eleazar_mujer\/","title":{"rendered":"Critican a Eleazar G\u00f3mez por sumarse al D\u00eda Internacional de la Mujer"},"content":{"rendered":"\n<p>Eleazar G\u00f3mez est\u00e1 recibiendo cr\u00edticas tras hacer una publicaci\u00f3n referente al D\u00eda Internacional de la Mujer; el actor public\u00f3 una imagen en color morado, s\u00edmbolo de la lucha feminista, acompa\u00f1ada de un coraz\u00f3n del mismo color, situaci\u00f3n que desat\u00f3 el enojo de cibernautas, quienes lo tacharon de hip\u00f3crita.<\/p>\n\n\n\n<p>El 5 de noviembre de 2020 el actor fue detenido en la Ciudad de M\u00e9xico luego de que vecinos llamaran a la Polic\u00eda tras escuchar los gritos de auxilio de su entonces pareja Tefi Valenzuela.<\/p>\n\n\n\n<p>La demanda procedi\u00f3 por el delito de violencia familiar y cinco meses m\u00e1s tarde el actor fue liberado con tres a\u00f1os de libertad condicional.<\/p>\n\n\n\n<p>Ahora, a casi un a\u00f1o de salir de prisi\u00f3n, el actor da de qu\u00e9 hablar con esta publicaci\u00f3n en la que mujeres lo critican y lo se\u00f1alan de hip\u00f3crita.<\/p>\n\n\n\n<p>&#8220;\u00bfEn serio? Cuando se sabe que agredi\u00f3 a tantas chicas&#8221;. &#8220;\u00c1ndale pues&#8221;. &#8220;Tienes derecho de cambiar, de recapacitar, pero poner el color Morado, como s\u00edmbolo del d\u00eda de la mujer es como una burla, despu\u00e9s de lo que le hiciste a una mujer&#8221;. &#8220;La hipocres\u00eda en toda su m\u00e1xima expresi\u00f3n que perro oso&#8221;, se lee entre los comentarios.<\/p>\n\n\n\n<p>Una cibernauta conden\u00f3 que el actor supuestamente borrara los &#8220;comentarios inc\u00f3modos&#8221;, pues dijo que &#8220;el que nada debe nada teme&#8221;.<\/p>\n\n\n\n<p>&#8220;Adivinare la corte te pidio hacer esto o es parte de tu libertad condicional, cuando todo mundo sabe que maltrataste a m\u00e1s de una mujer, ahora pones esto, sin ofender pero que cobarde de tu parte y la neta que mal que borres los comentarios el que nada debe nada teme y espero que las personas duerman tranquilas sabiendo que arruinaron la vida de otras&#8221;.<\/p>\n\n\n\n<p>Su hermana, la actriz Zoraida G\u00f3mez comparti\u00f3 una reflexi\u00f3n sobre este d\u00eda de conmemoraci\u00f3n a la lucha de las mujeres, y felicit\u00f3 a aquellas que han sido valientes.<\/p>\n\n\n\n<p>&#8220;Paso a felicitar a todas las mujeres valientes, exitosas, apasionadas; a todas esas mujeres que luchan por lo que quieren, as\u00ed que es nuestro d\u00eda, hay que pasarla bien y hacer lo que nos gusta. Vamos a darle valor e importancia&#8221;, expres\u00f3 en un video que colg\u00f3 en su cuenta de Instagram.<\/p>\n\n\n\n<p>En marzo del 2021, Eleazar reapareci\u00f3 en sus redes sociales para mandar disculpas a las mujeres que agredi\u00f3 y en particular a la modelo Tefi Valenzuela.<\/p>\n\n\n\n<p>&#8220;Ahora en libertad y con mucha m\u00e1s tranquilidad quiero comenzar por ofrecer una disculpa p\u00fablica a quienes se hayan sentido ofendidas o agredidas por mi comportamiento&#8221;, expres\u00f3 el actor por medio de un video desde su Instagram.<\/p>\n\n\n\n<p>Tambi\u00e9n asegur\u00f3 que nunca hab\u00eda sido su &#8220;intenci\u00f3n lastimar a nadie&#8221; y dedic\u00f3 una disculpa especial a su expareja, quien lo acus\u00f3 de agredirla f\u00edsicamente y atentar contra su vida en noviembre de 2020.<\/p>\n\n\n\n<p>&#8220;Especialmente quiero ofrecerle esta disculpa desde el fondo de mi coraz\u00f3n a Stephanie Valenzuela por cualquier mal que le haya hecho pasar&#8221;, dijo G\u00f3mez.<\/p>\n\n\n\n<p>En el video Eleazar tambi\u00e9n detall\u00f3 que se encontraba en proceso de comenzar sus terapias y convertirse en &#8220;una mejor persona&#8221;.<\/p>\n\n\n\n<p>Esta fue una de las condiciones que impuso el juez a su salida, seg\u00fan explic\u00f3 entonces Valenzuela a los medios.<\/p>\n\n\n\n<p>&#8220;Hoy despu\u00e9s de estos cinco meses muy dif\u00edciles quiero asegurarles que adem\u00e1s del arrepentimiento y el dolor, crec\u00ed, aprend\u00ed y recapacit\u00e9&#8221;, asegur\u00f3 el actor de &#8220;Atr\u00e9vete a so\u00f1ar&#8221; (2009) y agradeci\u00f3 el apoyo de sus fans y su familia durante el proceso.<\/p>\n\n\n\n<p>&#8212;El color morado en la lucha feminista<\/p>\n\n\n\n<p>El 8 de marzo se conmemora el D\u00eda Internacional de la Mujer, fecha en la que se recuerda a 129 trabajadoras textiles que murieron en un incendio, provocado por el due\u00f1o de la f\u00e1brica de camisas Triangle Shirtwaist, en 1908.<\/p>\n\n\n\n<p>Aquel d\u00eda, las mujeres se encontraban en huelga para exigir igualdad salarial, disminuci\u00f3n de la jornada laboral y un tiempo para poder dar pecho a sus hijos; motivos por los que los due\u00f1os de la f\u00e1brica Cotton Textile Factory, en Washington Square, Nueva York, decidi\u00f3 encerrarlas para que cumplieran con su jornada.<\/p>\n\n\n\n<p>Una leyenda de los hechos cuenta que cuando el due\u00f1o prendi\u00f3 fuego al edificio, las empleadas estaban trabajando con telas de color violeta, color del que se pint\u00f3 el humo del lugar.<\/p>\n\n\n\n<p>Algunas versiones indican que es por esto que los movimientos feministas retoman este color como su bandera.<\/p>\n\n\n\n<p>Aunque tambi\u00e9n hay quienes plantean que si el feminismo pugna por la igualdad de hombres y mujeres, al juntar los cl\u00e1sicos azul y rosa, resulta el violeta por lo que es el color de la igualdad.<\/p>\n\n\n\n<p>Por su parte, las sufragistas inglesas retomaron este color, junto con el verde y el blanco. Esto, seg\u00fan la activista inglesa Emmeline Pethick porque &#8220;el violeta es el color de los soberanos, simboliza la sangre real que corre por las venas de cada luchadora por el derecho al voto, simboliza su conciencia de la libertad y la dignidad. El blanco simboliza la honradez en la vida privada y en la vida pol\u00edtica. El verde simboliza la esperanza en un nuevo comienzo&#8221;.<\/p>\n","protected":false},"excerpt":{"rendered":"<p>Eleazar G\u00f3mez est\u00e1 recibiendo cr\u00edticas tras hacer una publicaci\u00f3n referente al D\u00eda Internacional de la Mujer; el actor public\u00f3 una imagen en color morado, s\u00edmbolo de la lucha feminista, acompa\u00f1ada de un coraz\u00f3n del mismo color, situaci\u00f3n que desat\u00f3 el enojo de cibernautas, quienes lo tacharon de hip\u00f3crita. El 5 de noviembre de 2020 el [&hellip;]<\/p>\n","protected":false},"author":81,"featured_media":206695,"comment_status":"closed","ping_status":"closed","sticky":false,"template":"","format":"standard","meta":{"footnotes":""},"categories":[38],"tags":[],"class_list":["post-206694","post","type-post","status-publish","format-standard","has-post-thumbnail","hentry","category-show"],"_links":{"self":[{"href":"https:\/\/plazajuarez.mx\/historico\/wp-json\/wp\/v2\/posts\/206694","targetHints":{"allow":["GET"]}}],"collection":[{"href":"https:\/\/plazajuarez.mx\/historico\/wp-json\/wp\/v2\/posts"}],"about":[{"href":"https:\/\/plazajuarez.mx\/historico\/wp-json\/wp\/v2\/types\/post"}],"author":[{"embeddable":true,"href":"https:\/\/plazajuarez.mx\/historico\/wp-json\/wp\/v2\/users\/81"}],"replies":[{"embeddable":true,"href":"https:\/\/plazajuarez.mx\/historico\/wp-json\/wp\/v2\/comments?post=206694"}],"version-history":[{"count":0,"href":"https:\/\/plazajuarez.mx\/historico\/wp-json\/wp\/v2\/posts\/206694\/revisions"}],"wp:featuredmedia":[{"embeddable":true,"href":"https:\/\/plazajuarez.mx\/historico\/wp-json\/wp\/v2\/media\/206695"}],"wp:attachment":[{"href":"https:\/\/plazajuarez.mx\/historico\/wp-json\/wp\/v2\/media?parent=206694"}],"wp:term":[{"taxonomy":"category","embeddable":true,"href":"https:\/\/plazajuarez.mx\/historico\/wp-json\/wp\/v2\/categories?post=206694"},{"taxonomy":"post_tag","embeddable":true,"href":"https:\/\/plazajuarez.mx\/historico\/wp-json\/wp\/v2\/tags?post=206694"}],"curies":[{"name":"wp","href":"https:\/\/api.w.org\/{rel}","templated":true}]}}