{"id":206675,"date":"2022-03-08T11:57:23","date_gmt":"2022-03-08T17:57:23","guid":{"rendered":"https:\/\/plazajuarez.mx\/?p=206675"},"modified":"2022-03-08T11:57:35","modified_gmt":"2022-03-08T17:57:35","slug":"datos-8m","status":"publish","type":"post","link":"https:\/\/plazajuarez.mx\/historico\/datos-8m\/","title":{"rendered":"Los datos que reflejan la situaci\u00f3n de las mujeres en M\u00e9xico este 8M"},"content":{"rendered":"\n<p>Las mexicanas llegan al 8 de marzo, <a href=\"https:\/\/youtu.be\/iAcQLSCa_JA\">D\u00eda Internacional de la Mujer<\/a>, con avances en la pol\u00edtica y en sus derechos reproductivos, pero con una de las brechas econ\u00f3micas m\u00e1s grandes de la regi\u00f3n y una ola de violencia machista que mata a m\u00e1s de 10 mujeres al d\u00eda.<\/p>\n\n\n\n<p>Estos son los datos clave que reflejan la situaci\u00f3n en M\u00e9xico, donde hay 66,2 millones de mujeres, que representan el 52 % de la poblaci\u00f3n.<\/p>\n\n\n\n<p><strong>LA VIOLENCIA MACHISTA<\/strong><\/p>\n\n\n\n<p>El Gobierno registr\u00f3 1.004 v\u00edctimas de feminicidio en 2021, como se tipifica el asesinato motivado por violencia de g\u00e9nero, un 2,66 % m\u00e1s que en 2020.<\/p>\n\n\n\n<p>Al sumar las 2.747 v\u00edctimas femeninas de homicidio doloso, un total de 3.751 mexicanas murieron asesinadas el a\u00f1o pasado, lo que representa m\u00e1s de 10 al d\u00eda.<\/p>\n\n\n\n<p>La Secretar\u00eda de Seguridad y Protecci\u00f3n Ciudadana (SSPC) tambi\u00e9n document\u00f3 21.188 delitos de violaci\u00f3n, un aumento anual del 28 %, adem\u00e1s de 253.736 cr\u00edmenes de violencia familiar, un incremento del 15 %.<\/p>\n\n\n\n<p>En total, dos de cada tres mexicanas mayores de 15 a\u00f1os han experimentado violencia en su vida, seg\u00fan la Encuesta Nacional sobre la Din\u00e1mica de las Relaciones en los Hogares del Instituto Nacional de Estad\u00edstica y Geograf\u00eda (Inegi).<\/p>\n\n\n\n<figure class=\"wp-block-image size-full\"><img loading=\"lazy\" decoding=\"async\" width=\"2560\" height=\"1663\" src=\"https:\/\/plazajuarez.mx\/historico\/historico\/wp-content\/uploads\/2021\/12\/6eb9d535731f0a2514eeaba261cbfed10ad351f5-scaled.jpg\" alt=\"\" class=\"wp-image-196806\" srcset=\"https:\/\/plazajuarez.mx\/historico\/wp-content\/uploads\/2021\/12\/6eb9d535731f0a2514eeaba261cbfed10ad351f5-scaled.jpg 2560w, https:\/\/plazajuarez.mx\/historico\/wp-content\/uploads\/2021\/12\/6eb9d535731f0a2514eeaba261cbfed10ad351f5-768x499.jpg 768w, https:\/\/plazajuarez.mx\/historico\/wp-content\/uploads\/2021\/12\/6eb9d535731f0a2514eeaba261cbfed10ad351f5-1536x998.jpg 1536w, https:\/\/plazajuarez.mx\/historico\/wp-content\/uploads\/2021\/12\/6eb9d535731f0a2514eeaba261cbfed10ad351f5-2048x1330.jpg 2048w, https:\/\/plazajuarez.mx\/historico\/wp-content\/uploads\/2021\/12\/6eb9d535731f0a2514eeaba261cbfed10ad351f5-179x116.jpg 179w, https:\/\/plazajuarez.mx\/historico\/wp-content\/uploads\/2021\/12\/6eb9d535731f0a2514eeaba261cbfed10ad351f5-367x237.jpg 367w\" sizes=\"auto, (max-width: 2560px) 100vw, 2560px\" \/><figcaption><strong><em>Fotograf\u00eda de archivo de una protesta de organizaciones feministas. EFE<\/em><\/strong><\/figcaption><\/figure>\n\n\n\n<p><strong>LA BRECHA ECON\u00d3MICA<\/strong><\/p>\n\n\n\n<p>La participaci\u00f3n de las mujeres en la fuerza laboral de M\u00e9xico es una de las m\u00e1s bajas entre los pa\u00edses de la Organizaci\u00f3n para la Cooperaci\u00f3n y el Desarrollo Econ\u00f3micos y de Latinoam\u00e9rica.<\/p>\n\n\n\n<p>Solo un 43 % de las mexicanas en edad de trabajar est\u00e1n en la poblaci\u00f3n econ\u00f3micamente activa frente al 75,5 % de los hombres, de acuerdo con el Inegi.<\/p>\n\n\n\n<p>Mientras que los hombres han recuperado el nivel de trabajo previo a la pandemia, las mujeres afrontaban un d\u00e9cifit de 1,14 millones de empleos al cierre de 2021, seg\u00fan estima David Kaplan, economista del Banco Interamericano de Desarrollo.<\/p>\n\n\n\n<p>La brecha salarial de g\u00e9nero es del 13 %, es decir, por cada 100 pesos (unos 4,8 d\u00f3lares) que ingresa un hombre por un empleo, una mujer recibe 87 %, informa el Instituto Mexicano de Competitividad (IMCO).<\/p>\n\n\n\n<div class=\"wp-block-buttons is-layout-flex wp-block-buttons-is-layout-flex\">\n<div class=\"wp-block-button aligncenter is-style-outline is-style-outline--1\"><a class=\"wp-block-button__link\" href=\"https:\/\/plazajuarez.mx\/historico\/historico\/2022\/03\/08\/crimenes-de-mujeres\/\"><strong>TE PUEDE INTERESAR: Cr\u00edmenes de mujeres en Hidalgo, a la alza<\/strong><\/a><\/div>\n<\/div>\n\n\n\n<p><strong>EL ROL DE CUIDADOS<\/strong><\/p>\n\n\n\n<p>La brecha econ\u00f3mica se explica con que las mujeres destinan 74 % de su tiempo a las labores dom\u00e9sticas y de cuidados no remunerados frente al 24 % de los hombres, calcula el Inegi.<\/p>\n\n\n\n<p>En promedio, las mexicanas dedican 50 horas a la semana a tareas del hogar como limpiar, cocinar o cuidar a otras personas, 2,5 veces m\u00e1s tiempo que los hombres, expone el IMCO.<\/p>\n\n\n\n<p>Casi 14 millones de mujeres no pueden buscar empleo remunerado por realizar labores dom\u00e9sticas, reporta el Observatorio de Trabajo Digno de la asociaci\u00f3n Acci\u00f3n Ciudadana Frente a la Pobreza.<\/p>\n\n\n\n<p>El valor de estas labores asciende a 6,4 billones de pesos (m\u00e1s de 300.000 millones de d\u00f3lares), lo que equivale a 27,6 % del PIB nacional, revel\u00f3 la \u00faltima Cuenta Sat\u00e9lite del Trabajo No Remunerado de los Hogares de M\u00e9xico del Inegi.<\/p>\n\n\n\n<figure class=\"wp-block-image size-full\"><img loading=\"lazy\" decoding=\"async\" width=\"1920\" height=\"1278\" src=\"https:\/\/plazajuarez.mx\/historico\/historico\/wp-content\/uploads\/2022\/03\/protesta-feminismo.jpg\" alt=\"\" class=\"wp-image-206677\" srcset=\"https:\/\/plazajuarez.mx\/historico\/wp-content\/uploads\/2022\/03\/protesta-feminismo.jpg 1920w, https:\/\/plazajuarez.mx\/historico\/wp-content\/uploads\/2022\/03\/protesta-feminismo-768x511.jpg 768w, https:\/\/plazajuarez.mx\/historico\/wp-content\/uploads\/2022\/03\/protesta-feminismo-1536x1022.jpg 1536w, https:\/\/plazajuarez.mx\/historico\/wp-content\/uploads\/2022\/03\/protesta-feminismo-274x183.jpg 274w, https:\/\/plazajuarez.mx\/historico\/wp-content\/uploads\/2022\/03\/protesta-feminismo-80x54.jpg 80w, https:\/\/plazajuarez.mx\/historico\/wp-content\/uploads\/2022\/03\/protesta-feminismo-130x87.jpg 130w, https:\/\/plazajuarez.mx\/historico\/wp-content\/uploads\/2022\/03\/protesta-feminismo-359x240.jpg 359w, https:\/\/plazajuarez.mx\/historico\/wp-content\/uploads\/2022\/03\/protesta-feminismo-85x57.jpg 85w, https:\/\/plazajuarez.mx\/historico\/wp-content\/uploads\/2022\/03\/protesta-feminismo-165x109.jpg 165w, https:\/\/plazajuarez.mx\/historico\/wp-content\/uploads\/2022\/03\/protesta-feminismo-112x75.jpg 112w, https:\/\/plazajuarez.mx\/historico\/wp-content\/uploads\/2022\/03\/protesta-feminismo-179x120.jpg 179w, https:\/\/plazajuarez.mx\/historico\/wp-content\/uploads\/2022\/03\/protesta-feminismo-170x113.jpg 170w, https:\/\/plazajuarez.mx\/historico\/wp-content\/uploads\/2022\/03\/protesta-feminismo-81x55.jpg 81w, https:\/\/plazajuarez.mx\/historico\/wp-content\/uploads\/2022\/03\/protesta-feminismo-765x510.jpg 765w\" sizes=\"auto, (max-width: 1920px) 100vw, 1920px\" \/><figcaption><strong><em>Colectivos feministas sobrevolaron este lunes un dirigible en el cielo de la Ciudad de M\u00e9xico para recordar a mujeres v\u00edctimas de feminicidio. EFE<\/em><\/strong><\/figcaption><\/figure>\n\n\n\n<p><strong>EL AVANCE DEL ABORTO<\/strong><\/p>\n\n\n\n<p>Las mexicanas han avanzado en el reconocimiento de sus derechos sexuales y reproductivos, en espec\u00edfico del aborto, que ahora es legal en seis de las 32 entidades del pa\u00eds.<\/p>\n\n\n\n<p>Tan solo en 2021, Veracruz, Hidalgo, Baja California y Colima aprobaron la despenalizaci\u00f3n del aborto hasta las 12 semanas de gestaci\u00f3n, por lo que se han sumado a Ciudad de M\u00e9xico (2007) y Oaxaca (2019).<\/p>\n\n\n\n<p>Adem\u00e1s, la Suprema Corte de Justicia de la Naci\u00f3n declar\u00f3 en un fallo hist\u00f3rico en septiembre pasado que la prohibici\u00f3n absoluta del aborto es inconstitucional.<\/p>\n\n\n\n<p>Aunque la decisi\u00f3n de la Corte solo invalid\u00f3 el C\u00f3digo Penal del estado de Coahuila, en el norte del pa\u00eds, sent\u00f3 un precedente obligatorio para todos los tribunales del pa\u00eds, que deber\u00e1n fallar a favor de las mujeres de otros estados.<\/p>\n\n\n\n<p><strong>LA REPRESENTACI\u00d3N POL\u00cdTICA<\/strong><\/p>\n\n\n\n<p>M\u00e9xico tiene el cuarto Parlamento con mayor participaci\u00f3n femenina del mundo, con las mujeres ocupando el 50 % de los esca\u00f1os de la C\u00e1mara de Diputados y el 49,2 % del Senado, seg\u00fan la Uni\u00f3n Interparlamentaria mundial.<\/p>\n\n\n\n<p>Las mujeres tuvieron una elecci\u00f3n &#8220;hist\u00f3rica&#8221; en 2021, cuando ganaron seis de las 15 gubernaturas estatales en juego: Baja California, Campeche, Chihuahua, Colima, Guerrero y Tlaxcala, que se suman a la actual jefa de Gobierno de Ciudad de M\u00e9xico, Claudia Sheinbaum.<\/p>\n\n\n\n<p>Mujeres ocupan tambi\u00e9n nueve de los 20 puestos del gabinete legal del presidente, Andr\u00e9s Manuel L\u00f3pez Obrador, incluyendo secretar\u00edas clave como Seguridad, Econom\u00eda, Energ\u00eda y Bienestar.<\/p>\n\n\n\n<p>Tambi\u00e9n, por primera vez en la historia, hay cuatro ministras en la Suprema Corte de Justicia de la Naci\u00f3n de un total de once, mientras que el Banco de M\u00e9xico tiene a una gobernadora, Victoria Rodr\u00edguez, adem\u00e1s de otras dos sugobernadoras de un total de cinco integrantes.<\/p>\n\n\n\n<p>El mayor rezago es en los gobiernos municipales, donde por cada tres alcaldes hombres solo hay una mujer alcaldesa, indica el Inegi.<\/p>\n","protected":false},"excerpt":{"rendered":"<p>Las mexicanas llegan al 8 de marzo, D\u00eda Internacional de la Mujer, con avances en la pol\u00edtica y en sus derechos reproductivos, pero con una de las brechas econ\u00f3micas m\u00e1s grandes de la regi\u00f3n y una ola de violencia machista que mata a m\u00e1s de 10 mujeres al d\u00eda. Estos son los datos clave que [&hellip;]<\/p>\n","protected":false},"author":80,"featured_media":206676,"comment_status":"closed","ping_status":"closed","sticky":false,"template":"","format":"standard","meta":{"footnotes":""},"categories":[15,36],"tags":[2204,2250,241,71],"class_list":["post-206675","post","type-post","status-publish","format-standard","has-post-thumbnail","hentry","category-destacadas","category-nacion","tag-8m","tag-feminismo","tag-mujeres","tag-viral"],"_links":{"self":[{"href":"https:\/\/plazajuarez.mx\/historico\/wp-json\/wp\/v2\/posts\/206675","targetHints":{"allow":["GET"]}}],"collection":[{"href":"https:\/\/plazajuarez.mx\/historico\/wp-json\/wp\/v2\/posts"}],"about":[{"href":"https:\/\/plazajuarez.mx\/historico\/wp-json\/wp\/v2\/types\/post"}],"author":[{"embeddable":true,"href":"https:\/\/plazajuarez.mx\/historico\/wp-json\/wp\/v2\/users\/80"}],"replies":[{"embeddable":true,"href":"https:\/\/plazajuarez.mx\/historico\/wp-json\/wp\/v2\/comments?post=206675"}],"version-history":[{"count":0,"href":"https:\/\/plazajuarez.mx\/historico\/wp-json\/wp\/v2\/posts\/206675\/revisions"}],"wp:featuredmedia":[{"embeddable":true,"href":"https:\/\/plazajuarez.mx\/historico\/wp-json\/wp\/v2\/media\/206676"}],"wp:attachment":[{"href":"https:\/\/plazajuarez.mx\/historico\/wp-json\/wp\/v2\/media?parent=206675"}],"wp:term":[{"taxonomy":"category","embeddable":true,"href":"https:\/\/plazajuarez.mx\/historico\/wp-json\/wp\/v2\/categories?post=206675"},{"taxonomy":"post_tag","embeddable":true,"href":"https:\/\/plazajuarez.mx\/historico\/wp-json\/wp\/v2\/tags?post=206675"}],"curies":[{"name":"wp","href":"https:\/\/api.w.org\/{rel}","templated":true}]}}