{"id":206673,"date":"2022-03-08T12:04:21","date_gmt":"2022-03-08T18:04:21","guid":{"rendered":"https:\/\/plazajuarez.mx\/?p=206673"},"modified":"2022-03-08T12:04:35","modified_gmt":"2022-03-08T18:04:35","slug":"zempoala-dia-internacional-de-la-mujer","status":"publish","type":"post","link":"https:\/\/plazajuarez.mx\/historico\/zempoala-dia-internacional-de-la-mujer\/","title":{"rendered":"Conmemora Alcald\u00eda de Zempoala, D\u00eda Internacional de la Mujer"},"content":{"rendered":"\n<p><strong>Zempoala, Hgo- <\/strong>Con una participaci\u00f3n de al menos 300 mujeres, la mayor\u00eda de las diferentes \u00e1reas que integran la alcald\u00eda de Zempoala, y de la sociedad civil, por medio de una serie de actividades, conmemoran el &#8220;D\u00eda Internacional de la Mujer&#8221;.<\/p>\n\n\n\n<p>En la conmemoraci\u00f3n de este d\u00eda, el cual fue efectuado en la explanada del Ex Convento De Todos Los Santos, de la cabecera Municipal, se llevaron a cabo diferentes actividades f\u00edsicas y la impartici\u00f3n de una clase de defensa personal.<\/p>\n\n\n\n<p>Cabe recordar que como cada a\u00f1o, se le hace la invitaci\u00f3n a todas las mujeres que conforman diferentes \u00e1reas del ayuntamiento, as\u00ed como a f\u00e9minas que habitan en el municipio a que formen parte de las actividades en conmemoraci\u00f3n del 8 de marzo &#8220;D\u00eda Internacional de la Mujer&#8221;.<\/p>\n\n\n\n<div class=\"wp-block-buttons is-content-justification-center is-layout-flex wp-container-core-buttons-is-layout-16018d1d wp-block-buttons-is-layout-flex\">\n<div class=\"wp-block-button is-style-outline is-style-outline--1\"><a class=\"wp-block-button__link\" href=\"https:\/\/plazajuarez.mx\/historico\/historico\/2022\/03\/08\/actividades-8m\/\" target=\"_blank\" rel=\"noreferrer noopener\">Te puede interesar: Preparan actividades en el marco del 8M en Tulancingo <\/a><\/div>\n<\/div>\n","protected":false},"excerpt":{"rendered":"<p>Zempoala, Hgo- Con una participaci\u00f3n de al menos 300 mujeres, la mayor\u00eda de las diferentes \u00e1reas que integran la alcald\u00eda de Zempoala, y de la sociedad civil, por medio de una serie de actividades, conmemoran el &#8220;D\u00eda Internacional de la Mujer&#8221;. En la conmemoraci\u00f3n de este d\u00eda, el cual fue efectuado en la explanada del [&hellip;]<\/p>\n","protected":false},"author":69,"featured_media":206681,"comment_status":"closed","ping_status":"closed","sticky":false,"template":"","format":"standard","meta":{"footnotes":""},"categories":[15,2159,40],"tags":[],"class_list":["post-206673","post","type-post","status-publish","format-standard","has-post-thumbnail","hentry","category-destacadas","category-noticias-de-hidalgo","category-region"],"_links":{"self":[{"href":"https:\/\/plazajuarez.mx\/historico\/wp-json\/wp\/v2\/posts\/206673","targetHints":{"allow":["GET"]}}],"collection":[{"href":"https:\/\/plazajuarez.mx\/historico\/wp-json\/wp\/v2\/posts"}],"about":[{"href":"https:\/\/plazajuarez.mx\/historico\/wp-json\/wp\/v2\/types\/post"}],"author":[{"embeddable":true,"href":"https:\/\/plazajuarez.mx\/historico\/wp-json\/wp\/v2\/users\/69"}],"replies":[{"embeddable":true,"href":"https:\/\/plazajuarez.mx\/historico\/wp-json\/wp\/v2\/comments?post=206673"}],"version-history":[{"count":0,"href":"https:\/\/plazajuarez.mx\/historico\/wp-json\/wp\/v2\/posts\/206673\/revisions"}],"wp:featuredmedia":[{"embeddable":true,"href":"https:\/\/plazajuarez.mx\/historico\/wp-json\/wp\/v2\/media\/206681"}],"wp:attachment":[{"href":"https:\/\/plazajuarez.mx\/historico\/wp-json\/wp\/v2\/media?parent=206673"}],"wp:term":[{"taxonomy":"category","embeddable":true,"href":"https:\/\/plazajuarez.mx\/historico\/wp-json\/wp\/v2\/categories?post=206673"},{"taxonomy":"post_tag","embeddable":true,"href":"https:\/\/plazajuarez.mx\/historico\/wp-json\/wp\/v2\/tags?post=206673"}],"curies":[{"name":"wp","href":"https:\/\/api.w.org\/{rel}","templated":true}]}}