{"id":2064,"date":"2015-03-11T06:00:00","date_gmt":"2015-03-11T06:00:00","guid":{"rendered":"http:\/\/plazajuarez.mx\/index\/index.php\/2015\/03\/11\/triste-madriguera\/"},"modified":"2015-03-11T06:00:00","modified_gmt":"2015-03-11T06:00:00","slug":"triste-madriguera","status":"publish","type":"post","link":"https:\/\/plazajuarez.mx\/historico\/triste-madriguera\/","title":{"rendered":"\u201cTriste\u201d madriguera"},"content":{"rendered":"<p>ANTE LOS MALOS RESULTADOS<\/p>\n<ul>\n<li>J\u00fcrgen Damm reconoci\u00f3 que los Tuzos se encuentran con los \u00e1nimos por los suelos, despu\u00e9s de las malas actuaciones que han tenido en Liga y Concachampions <!--more--> <\/li>\n<\/ul>\n<p>Luego de las malas actuaciones que ha tenido Pachuca tanto en la Liga como en el torneo de la CONCACAF en el que quedaron eliminados, el joven medio campista J\u00fcrgen Damm, reconoci\u00f3 que en el campamento minero existe frustraci\u00f3n y preocupaci\u00f3n.<\/p>\n<p>\u00a0<\/p>\n<p>\u201cEstamos tristes ya que quer\u00edamos sumar de a tres puntos,\u00a0 y meternos en la pelea. Sabemos que la clasificaci\u00f3n est\u00e1 muy pegada, con tres o cuatro unidades te pegas en los primeros lugares, no se pudo, pero obviamente tambi\u00e9n cuenta el rival como lo es Am\u00e9rica, entonces tomando en cuenta no fue tan malo el resultado, todav\u00eda quedan ocho finales para rescatar los resultados\u201d, indic\u00f3 el joven atacante.<\/p>\n<p>\u00a0<\/p>\n<p>Asimismo, J\u00fcrgen indic\u00f3 que la principal problem\u00e1tica, es que no se han podido en rachar, situaci\u00f3n que origina que pierdan muchos puntos.<\/p>\n<p>\u00a0<\/p>\n<p>\u00a0\u201cHemos hecho buenos partidos, pero no hemos podido ligar victorias seguidas, es algo que preocupa, ya que esto nos ha pasado desde el torneo pasado, donde no hemos podido tener una racha importante, pero creo que tenemos buenos jugadores y estamos confiados en que podamos calificar y de hacerlo, seremos un equipo inc\u00f3modo\u201d.<\/p>\n<p>\u00a0<\/p>\n<p>Por otro lado, se le cuestion\u00f3 al jugador sobre sus marcadores, en el que ahora ya no le es tan f\u00e1cil jugar libre, luego de que los rivales se han dado cuenta de su talento.\u201cLos laterales toman m\u00e1s precauciones, no me dan tanto espacio, eso me motiva, ya que reconocen el nivel que tiene uno,\u00a0 pero tambi\u00e9n me preocupa ya que debo tener mayores variantes para generar jugadas de peligro\u201d.<\/p>\n<p>\u00a0<\/p>\n<p>Por otra parte en cuanto al pr\u00f3ximo rival de los Tuzos, J\u00fcrgen Damm opin\u00f3: \u201cel \u201cVolc\u00e1n\u201d es un estadio dif\u00edcil, me ha tocado jugar en tres ocasiones y es un recinto en el que los 90\u2019 minutos tienes la presi\u00f3n de la gente, y Tigres se suele crecer, pero nosotros estamos preparados para jugar bien y sacar un buen resultado, lo primordial ser\u00e1 presionarlos y quitarles el bal\u00f3n\u201d.<\/p>\n<p>\u00a0<\/p>\n<p>En tanto, se le pregunt\u00f3 sobre un posible llamado a la Selecci\u00f3n Mexicana para sostener partidos amistoso en fecha FIFA a lo que coment\u00f3: \u201cestoy muy contento e ilusionado, es un sue\u00f1o que tengo, estoy haciendo las cosas bien pero creo que puedo dar m\u00e1s, estoy motivado al m\u00e1ximo esperando que llegue esa convocatoria, aunque primero debo pensar en mi equipo\u201d, concluy\u00f3 Damm.<\/p>\n<p>\u00a0<\/p>\n<p>\u00a0<\/p>\n","protected":false},"excerpt":{"rendered":"<p>ANTE LOS MALOS RESULTADOS J\u00fcrgen Damm reconoci\u00f3 que los Tuzos se encuentran con los \u00e1nimos por los suelos, despu\u00e9s de las malas actuaciones que han tenido en Liga y Concachampions<\/p>\n","protected":false},"author":93,"featured_media":0,"comment_status":"open","ping_status":"open","sticky":false,"template":"","format":"standard","meta":{"footnotes":""},"categories":[39],"tags":[],"class_list":["post-2064","post","type-post","status-publish","format-standard","hentry","category-deportiva"],"_links":{"self":[{"href":"https:\/\/plazajuarez.mx\/historico\/wp-json\/wp\/v2\/posts\/2064","targetHints":{"allow":["GET"]}}],"collection":[{"href":"https:\/\/plazajuarez.mx\/historico\/wp-json\/wp\/v2\/posts"}],"about":[{"href":"https:\/\/plazajuarez.mx\/historico\/wp-json\/wp\/v2\/types\/post"}],"author":[{"embeddable":true,"href":"https:\/\/plazajuarez.mx\/historico\/wp-json\/wp\/v2\/users\/93"}],"replies":[{"embeddable":true,"href":"https:\/\/plazajuarez.mx\/historico\/wp-json\/wp\/v2\/comments?post=2064"}],"version-history":[{"count":0,"href":"https:\/\/plazajuarez.mx\/historico\/wp-json\/wp\/v2\/posts\/2064\/revisions"}],"wp:attachment":[{"href":"https:\/\/plazajuarez.mx\/historico\/wp-json\/wp\/v2\/media?parent=2064"}],"wp:term":[{"taxonomy":"category","embeddable":true,"href":"https:\/\/plazajuarez.mx\/historico\/wp-json\/wp\/v2\/categories?post=2064"},{"taxonomy":"post_tag","embeddable":true,"href":"https:\/\/plazajuarez.mx\/historico\/wp-json\/wp\/v2\/tags?post=2064"}],"curies":[{"name":"wp","href":"https:\/\/api.w.org\/{rel}","templated":true}]}}