{"id":206050,"date":"2022-03-03T17:45:02","date_gmt":"2022-03-03T23:45:02","guid":{"rendered":"https:\/\/plazajuarez.mx\/?p=206050"},"modified":"2022-03-03T17:45:14","modified_gmt":"2022-03-03T23:45:14","slug":"escuelas-de-tiempo-completo","status":"publish","type":"post","link":"https:\/\/plazajuarez.mx\/historico\/escuelas-de-tiempo-completo\/","title":{"rendered":"Err\u00f3neo cancelar Escuelas de Tiempo Completo: Viggiano"},"content":{"rendered":"\n<p>La secretaria general del Comit\u00e9 Ejecutivo Nacional (CEN) del Partido Revolucionario Institucional (PRI), Carolina Viggiano Austria lament\u00f3 que el gobierno federal haya decidido cancelar el programa de escuelas de tiempo completo bajo el argumento de que los recursos destinados a este rubro ahora se ocupar\u00e1n para dar prioridad a la infraestructura escolar y gasto en edificios.<\/p>\n\n\n\n<p>Este programa es uno de los m\u00e1s importantes que se han tenido en los \u00faltimos tiempos porque no solo permit\u00eda que los menores tuvieran acceso a sus derechos, sino que tambi\u00e9n permit\u00eda que las madres de familia tuvieran la oportunidad de desarrollarse profesionalmente.<\/p>\n\n\n\n<div class=\"wp-block-image\"><figure class=\"aligncenter size-full\"><img loading=\"lazy\" decoding=\"async\" width=\"960\" height=\"650\" src=\"https:\/\/plazajuarez.mx\/historico\/historico\/wp-content\/uploads\/2022\/02\/DENUNCIA-CAROLINA-VIGGIANO-GUERRA-SUCIA-EN-SU-CONTRA-Facebook-Carolina-Viggiano.jpg\" alt=\"\" class=\"wp-image-204053\" srcset=\"https:\/\/plazajuarez.mx\/historico\/wp-content\/uploads\/2022\/02\/DENUNCIA-CAROLINA-VIGGIANO-GUERRA-SUCIA-EN-SU-CONTRA-Facebook-Carolina-Viggiano.jpg 960w, https:\/\/plazajuarez.mx\/historico\/wp-content\/uploads\/2022\/02\/DENUNCIA-CAROLINA-VIGGIANO-GUERRA-SUCIA-EN-SU-CONTRA-Facebook-Carolina-Viggiano-768x520.jpg 768w, https:\/\/plazajuarez.mx\/historico\/wp-content\/uploads\/2022\/02\/DENUNCIA-CAROLINA-VIGGIANO-GUERRA-SUCIA-EN-SU-CONTRA-Facebook-Carolina-Viggiano-364x245.jpg 364w, https:\/\/plazajuarez.mx\/historico\/wp-content\/uploads\/2022\/02\/DENUNCIA-CAROLINA-VIGGIANO-GUERRA-SUCIA-EN-SU-CONTRA-Facebook-Carolina-Viggiano-80x54.jpg 80w, https:\/\/plazajuarez.mx\/historico\/wp-content\/uploads\/2022\/02\/DENUNCIA-CAROLINA-VIGGIANO-GUERRA-SUCIA-EN-SU-CONTRA-Facebook-Carolina-Viggiano-130x87.jpg 130w, https:\/\/plazajuarez.mx\/historico\/wp-content\/uploads\/2022\/02\/DENUNCIA-CAROLINA-VIGGIANO-GUERRA-SUCIA-EN-SU-CONTRA-Facebook-Carolina-Viggiano-85x57.jpg 85w, https:\/\/plazajuarez.mx\/historico\/wp-content\/uploads\/2022\/02\/DENUNCIA-CAROLINA-VIGGIANO-GUERRA-SUCIA-EN-SU-CONTRA-Facebook-Carolina-Viggiano-266x179.jpg 266w, https:\/\/plazajuarez.mx\/historico\/wp-content\/uploads\/2022\/02\/DENUNCIA-CAROLINA-VIGGIANO-GUERRA-SUCIA-EN-SU-CONTRA-Facebook-Carolina-Viggiano-112x75.jpg 112w, https:\/\/plazajuarez.mx\/historico\/wp-content\/uploads\/2022\/02\/DENUNCIA-CAROLINA-VIGGIANO-GUERRA-SUCIA-EN-SU-CONTRA-Facebook-Carolina-Viggiano-179x120.jpg 179w, https:\/\/plazajuarez.mx\/historico\/wp-content\/uploads\/2022\/02\/DENUNCIA-CAROLINA-VIGGIANO-GUERRA-SUCIA-EN-SU-CONTRA-Facebook-Carolina-Viggiano-81x55.jpg 81w\" sizes=\"auto, (max-width: 960px) 100vw, 960px\" \/><figcaption><strong>Carolina Viggiano Austria.<\/strong><\/figcaption><\/figure><\/div>\n\n\n\n<p>La legisladora hidalguense se\u00f1al\u00f3 que dicha acci\u00f3n es err\u00f3nea ya que impactar\u00e1 directamente en el desarrollo de casi 4 millones de ni\u00f1os y j\u00f3venes estudiantes al cancelar el horario extendido y los alimentos en 27 mil escuelas, pero tambi\u00e9n afectar\u00e1 a las madres trabajadoras quienes gracias a este programa pod\u00edan trabajar mientras sus hijos acuden a sus centros escolares.<\/p>\n\n\n\n<div class=\"wp-block-buttons is-layout-flex wp-block-buttons-is-layout-flex\">\n<div class=\"wp-block-button aligncenter is-style-outline is-style-outline--1\"><a class=\"wp-block-button__link\" href=\"https:\/\/plazajuarez.mx\/historico\/historico\/2022\/03\/03\/carolina-viggiano-licencia\/\"><strong>TE PUEDE INTERESAR: Avalan licencia a Carolina Viggiano; va por la gubernatura de Hidalgo<\/strong><\/a><\/div>\n<\/div>\n\n\n\n<p>Dijo que es incomprensible el argumento de que los recursos se transferir\u00e1n de este importante programa para rehabilitar espacios burocr\u00e1ticos, lo que deja claro que para los gobiernos de la llamada cuarta transformaci\u00f3n no existe sensibilidad y mucho menos tienen el conocimiento de las necesidades reales de la ciudadan\u00eda en general y los estudiantes en particular.&nbsp;<\/p>\n\n\n\n<p>Por otra parte, la tambi\u00e9n legisladora se\u00f1al\u00f3 que si a esta cancelaci\u00f3n se suma el mal manejo del Programa de Adultos Mayores, cuyas reglas de operaci\u00f3n estiman necesario destinar m\u00e1s de 8 mil 500 millones de pesos para su funcionamiento, debido a que el pago se realiza v\u00eda electr\u00f3nica, deja en evidencia el mal manejo de los programas y la poco o nula experiencia gubernamental.<\/p>\n\n\n\n<p>Este gasto resulta in\u00fatil y excesivo pues bien se podr\u00eda atender a 383 mil adultos m\u00e1s y 45 mil personas con discapacidad, eso sin descontar, que esos casi 9 mil millones de pesos han sido sujetos de m\u00faltiples observaciones por parte de las autoridades encargadas de auditar los programas gubernamentales, concluy\u00f3 la diputada priista.<\/p>\n","protected":false},"excerpt":{"rendered":"<p>La secretaria general del Comit\u00e9 Ejecutivo Nacional (CEN) del Partido Revolucionario Institucional (PRI), Carolina Viggiano Austria lament\u00f3 que el gobierno federal haya decidido cancelar el programa de escuelas de tiempo completo bajo el argumento de que los recursos destinados a este rubro ahora se ocupar\u00e1n para dar prioridad a la infraestructura escolar y gasto en [&hellip;]<\/p>\n","protected":false},"author":93,"featured_media":206051,"comment_status":"closed","ping_status":"closed","sticky":false,"template":"","format":"standard","meta":{"footnotes":""},"categories":[15,59,2159],"tags":[2234,126],"class_list":["post-206050","post","type-post","status-publish","format-standard","has-post-thumbnail","hentry","category-destacadas","category-general","category-noticias-de-hidalgo","tag-escuelas-de-tiempo-completo","tag-hidalgo"],"_links":{"self":[{"href":"https:\/\/plazajuarez.mx\/historico\/wp-json\/wp\/v2\/posts\/206050","targetHints":{"allow":["GET"]}}],"collection":[{"href":"https:\/\/plazajuarez.mx\/historico\/wp-json\/wp\/v2\/posts"}],"about":[{"href":"https:\/\/plazajuarez.mx\/historico\/wp-json\/wp\/v2\/types\/post"}],"author":[{"embeddable":true,"href":"https:\/\/plazajuarez.mx\/historico\/wp-json\/wp\/v2\/users\/93"}],"replies":[{"embeddable":true,"href":"https:\/\/plazajuarez.mx\/historico\/wp-json\/wp\/v2\/comments?post=206050"}],"version-history":[{"count":0,"href":"https:\/\/plazajuarez.mx\/historico\/wp-json\/wp\/v2\/posts\/206050\/revisions"}],"wp:featuredmedia":[{"embeddable":true,"href":"https:\/\/plazajuarez.mx\/historico\/wp-json\/wp\/v2\/media\/206051"}],"wp:attachment":[{"href":"https:\/\/plazajuarez.mx\/historico\/wp-json\/wp\/v2\/media?parent=206050"}],"wp:term":[{"taxonomy":"category","embeddable":true,"href":"https:\/\/plazajuarez.mx\/historico\/wp-json\/wp\/v2\/categories?post=206050"},{"taxonomy":"post_tag","embeddable":true,"href":"https:\/\/plazajuarez.mx\/historico\/wp-json\/wp\/v2\/tags?post=206050"}],"curies":[{"name":"wp","href":"https:\/\/api.w.org\/{rel}","templated":true}]}}