{"id":205976,"date":"2022-03-03T10:05:23","date_gmt":"2022-03-03T16:05:23","guid":{"rendered":"https:\/\/plazajuarez.mx\/?p=205976"},"modified":"2022-03-03T10:06:46","modified_gmt":"2022-03-03T16:06:46","slug":"escuelas_tiempo","status":"publish","type":"post","link":"https:\/\/plazajuarez.mx\/historico\/escuelas_tiempo\/","title":{"rendered":"&#8220;Desaparici\u00f3n de escuelas de tiempo completo, un terrible retroceso&#8221;"},"content":{"rendered":"\n<p> Rub\u00e9n Moreira Valdez coordinador del Grupo Parlamentario del Partido Revolucionario Institucional (PRI) en la C\u00e1mara de Diputados, asegur\u00f3 que &#8220;es un terrible retroceso&#8221; retirar las escuelas de tiempo completo, ya que golpea la econom\u00eda familiar, a las mujeres, padres de familia y menores, &#8220;adem\u00e1s de romper con la aspiraci\u00f3n de que tengan m\u00e1s horas de clases, que es lo que requiere el pa\u00eds&#8221;.<\/p>\n\n\n\n<p>Entrevistado luego de participar en la inauguraci\u00f3n del foro &#8220;Libertad Acad\u00e9mica y Autonom\u00eda Universitaria en Riesgo: Los Agravios&#8221;, el tambi\u00e9n presidente de la Junta de Coordinaci\u00f3n Pol\u00edtica (Jucopo) sostuvo que con esa medida los tiempos escolares se reducen a cuatro horas de intercambio intelectual, que puede traducirse en un da\u00f1o irremediable para nuestros j\u00f3venes.<\/p>\n\n\n\n<p>Tras se\u00f1alar que como consecuencia de la pandemia se tendr\u00e1 por lo menos una generaci\u00f3n donde no haya solidez en algunos conocimientos acad\u00e9micos si no se hace algo acertado, el legislador priista evidenci\u00f3 que esta decisi\u00f3n tambi\u00e9n lastima a muchos hombres quienes recogen a sus hijos.<\/p>\n","protected":false},"excerpt":{"rendered":"<p>Rub\u00e9n Moreira Valdez coordinador del Grupo Parlamentario del Partido Revolucionario Institucional (PRI) en la C\u00e1mara de Diputados, asegur\u00f3 que &#8220;es un terrible retroceso&#8221; retirar las escuelas de tiempo completo, ya que golpea la econom\u00eda familiar, a las mujeres, padres de familia y menores, &#8220;adem\u00e1s de romper con la aspiraci\u00f3n de que tengan m\u00e1s horas de [&hellip;]<\/p>\n","protected":false},"author":81,"featured_media":205978,"comment_status":"closed","ping_status":"closed","sticky":false,"template":"","format":"standard","meta":{"footnotes":""},"categories":[15,36],"tags":[2221,2222,1653],"class_list":["post-205976","post","type-post","status-publish","format-standard","has-post-thumbnail","hentry","category-destacadas","category-nacion","tag-alumnos","tag-clases","tag-escuela"],"_links":{"self":[{"href":"https:\/\/plazajuarez.mx\/historico\/wp-json\/wp\/v2\/posts\/205976","targetHints":{"allow":["GET"]}}],"collection":[{"href":"https:\/\/plazajuarez.mx\/historico\/wp-json\/wp\/v2\/posts"}],"about":[{"href":"https:\/\/plazajuarez.mx\/historico\/wp-json\/wp\/v2\/types\/post"}],"author":[{"embeddable":true,"href":"https:\/\/plazajuarez.mx\/historico\/wp-json\/wp\/v2\/users\/81"}],"replies":[{"embeddable":true,"href":"https:\/\/plazajuarez.mx\/historico\/wp-json\/wp\/v2\/comments?post=205976"}],"version-history":[{"count":0,"href":"https:\/\/plazajuarez.mx\/historico\/wp-json\/wp\/v2\/posts\/205976\/revisions"}],"wp:featuredmedia":[{"embeddable":true,"href":"https:\/\/plazajuarez.mx\/historico\/wp-json\/wp\/v2\/media\/205978"}],"wp:attachment":[{"href":"https:\/\/plazajuarez.mx\/historico\/wp-json\/wp\/v2\/media?parent=205976"}],"wp:term":[{"taxonomy":"category","embeddable":true,"href":"https:\/\/plazajuarez.mx\/historico\/wp-json\/wp\/v2\/categories?post=205976"},{"taxonomy":"post_tag","embeddable":true,"href":"https:\/\/plazajuarez.mx\/historico\/wp-json\/wp\/v2\/tags?post=205976"}],"curies":[{"name":"wp","href":"https:\/\/api.w.org\/{rel}","templated":true}]}}