{"id":205900,"date":"2022-03-03T08:08:10","date_gmt":"2022-03-03T14:08:10","guid":{"rendered":"https:\/\/plazajuarez.mx\/?p=205900"},"modified":"2022-03-03T08:08:20","modified_gmt":"2022-03-03T14:08:20","slug":"informan-del-inicio-de-las-obras-del-rio-tula-en-abril","status":"publish","type":"post","link":"https:\/\/plazajuarez.mx\/historico\/informan-del-inicio-de-las-obras-del-rio-tula-en-abril\/","title":{"rendered":"Informan del inicio de las obras del R\u00edo Tula en abril"},"content":{"rendered":"\n<p>El legislador federal hidalguense por MORENA, Cuauht\u00e9moc Ochoa Fern\u00e1ndez sostuvo una reuni\u00f3n de trabajo con el Subdirector General T\u00e9cnico de la Comisi\u00f3n Nacional del Agua (CONAGUA), Humberto Marengo para abordar el tema de las obras del R\u00edo Tula.<\/p>\n\n\n\n<p>En el encuentro, el funcionario de CONAGUA asegur\u00f3 que las obras iniciar\u00e1n en el mes de abril&nbsp; y que actualmente la Secretar\u00eda de Marina trabaja en el desazolve del r\u00edo Tula; adem\u00e1s de que en este mes iniciar\u00e1 el proceso de licitaci\u00f3n para la adjudicaci\u00f3n de los trabajos.&nbsp;<\/p>\n\n\n\n<p>Asimismo aclar\u00f3 que el objetivo es culminar las obras antes de que comience la temporada de lluvias a fin de mitigar y reducir los riesgos de inundaciones.&nbsp;<\/p>\n\n\n\n<p>Por su parte, Cuauht\u00e9moc Ochoa solicit\u00f3 que se mantenga informado al pueblo de Tula, tanto de la planeaci\u00f3n como de la ejecuci\u00f3n de las obras, a fin de que conozcan el porqu\u00e9 de cada acci\u00f3n y participen en estas.<\/p>\n\n\n\n<p>\u201cComo representante del pueblo, y v\u00ednculo entre la poblaci\u00f3n y las instancias federales, no quitar\u00e9 el dedo del rengl\u00f3n hasta construir soluciones, de la mano de las instancias correspondientes, para garantizar la tranquilidad de las familias de mi distrito\u201d, expres\u00f3 el legislador federal de Hidalgo.<\/p>\n","protected":false},"excerpt":{"rendered":"<p>El legislador federal hidalguense por MORENA, Cuauht\u00e9moc Ochoa Fern\u00e1ndez sostuvo una reuni\u00f3n de trabajo con el Subdirector General T\u00e9cnico de la Comisi\u00f3n Nacional del Agua (CONAGUA), Humberto Marengo para abordar el tema de las obras del R\u00edo Tula. En el encuentro, el funcionario de CONAGUA asegur\u00f3 que las obras iniciar\u00e1n en el mes de abril&nbsp; [&hellip;]<\/p>\n","protected":false},"author":73,"featured_media":205903,"comment_status":"closed","ping_status":"closed","sticky":false,"template":"","format":"standard","meta":{"footnotes":""},"categories":[15,59],"tags":[],"class_list":["post-205900","post","type-post","status-publish","format-standard","has-post-thumbnail","hentry","category-destacadas","category-general"],"_links":{"self":[{"href":"https:\/\/plazajuarez.mx\/historico\/wp-json\/wp\/v2\/posts\/205900","targetHints":{"allow":["GET"]}}],"collection":[{"href":"https:\/\/plazajuarez.mx\/historico\/wp-json\/wp\/v2\/posts"}],"about":[{"href":"https:\/\/plazajuarez.mx\/historico\/wp-json\/wp\/v2\/types\/post"}],"author":[{"embeddable":true,"href":"https:\/\/plazajuarez.mx\/historico\/wp-json\/wp\/v2\/users\/73"}],"replies":[{"embeddable":true,"href":"https:\/\/plazajuarez.mx\/historico\/wp-json\/wp\/v2\/comments?post=205900"}],"version-history":[{"count":0,"href":"https:\/\/plazajuarez.mx\/historico\/wp-json\/wp\/v2\/posts\/205900\/revisions"}],"wp:featuredmedia":[{"embeddable":true,"href":"https:\/\/plazajuarez.mx\/historico\/wp-json\/wp\/v2\/media\/205903"}],"wp:attachment":[{"href":"https:\/\/plazajuarez.mx\/historico\/wp-json\/wp\/v2\/media?parent=205900"}],"wp:term":[{"taxonomy":"category","embeddable":true,"href":"https:\/\/plazajuarez.mx\/historico\/wp-json\/wp\/v2\/categories?post=205900"},{"taxonomy":"post_tag","embeddable":true,"href":"https:\/\/plazajuarez.mx\/historico\/wp-json\/wp\/v2\/tags?post=205900"}],"curies":[{"name":"wp","href":"https:\/\/api.w.org\/{rel}","templated":true}]}}