{"id":2059,"date":"2015-03-11T06:00:00","date_gmt":"2015-03-11T06:00:00","guid":{"rendered":"http:\/\/plazajuarez.mx\/index\/index.php\/2015\/03\/11\/frustran-manifestacion-del-dirigente-perredista-pascual-charrez-pedraza\/"},"modified":"2015-03-11T06:00:00","modified_gmt":"2015-03-11T06:00:00","slug":"frustran-manifestacion-del-dirigente-perredista-pascual-charrez-pedraza","status":"publish","type":"post","link":"https:\/\/plazajuarez.mx\/historico\/frustran-manifestacion-del-dirigente-perredista-pascual-charrez-pedraza\/","title":{"rendered":"Frustran manifestaci\u00f3n del dirigente  perredista Pascual Charrez Pedraza"},"content":{"rendered":"<p><strong>Ixmiquilpan<\/strong><\/p>\n<ul>\n<li><strong>Buscaba realizarla sobre la carretera M\u00e9xico Laredo, a la altura de la comunidad Juli\u00e1n Villagr\u00e1n <\/strong><\/li>\n<li><strong><strong>Sin embargo, habitantes de la localidad le solicitaron al l\u00edder perredista retirara a los manifestantes, debido a que promov\u00edan asuntos pol\u00edticos y la comunidad no avalaba el bloqueo<\/strong><\/strong> <!--more--> <\/li>\n<\/ul>\n<p>Fue frustrada una manifestaci\u00f3n programada por el dirigente del PRD, Pascual Charrez Pedraza, que buscaba realizar sobre la cartera M\u00e9xico-Laredo a la altura de la comunidad de Juli\u00e1n Villagr\u00e1n.<\/p>\n<p>Organizados los seis delegados que conforman la localidad y el comisariado ejidal, solicitaron el dirigente perredista, retirara a los manifestantes de esta localidad, debido a que promov\u00edan asuntos pol\u00edticos y la comunidad no avalaba el bloqueo.<\/p>\n<p>No estaban dispuestos a tolerar la mala imagen de un bloqueo, por ello pidieron al dirigente se retirara del lugar, obligando a los manifestantes a replegarse a sus oficinas al centro de la ciudad donde permanecieron varias horas.<\/p>\n<p>Posteriormente, los manifestantes repartieron volantes en la ciudad, donde denunciaron que nueve integrantes de la asamblea municipal se niegan a sesionar, dejando pendientes como es la aprobaci\u00f3n de presupuestos para obras de infraestructura b\u00e1sica.<\/p>\n<p>La manifestaci\u00f3n, fue anunciada previamente por la regidora, Susana Edith Paz Garc\u00eda, quien dio a conocer que la intenci\u00f3n era la presi\u00f3n social para obligar a los regidores que integran el bloque opositor a regresar al cabildo, debido a que desde enero no se ha podido realizar la primer sesi\u00f3n ordinaria.<\/p>\n<p>El dirigente afirm\u00f3 a trav\u00e9s de un volante, que fue distribuido, que los nueve asamble\u00edstas opositores, perciben un sueldo superior a los 25 mil pesos mensuales, los cuales obtienen sin presentarse a sesionar.<\/p>\n<p>Previamente, el bloque opositor, dirigi\u00f3 una carta al Presidente Municipal, a quien solicitan se realice una sesi\u00f3n a la que est\u00e1n dispuestos asistir, sin embargo proponen dos sitios alternos, el Congreso Local o bien las instalaciones del parque acu\u00e1tico El Teph\u00e9.<\/p>\n<p>Se\u00f1alan en la\u00a0 carta, que s\u00f3lo en estos dos espacios estar\u00edan dispuestos a sesionar para poder aprobar los puntos pendientes y que requieren de la aprobaci\u00f3n del cabildo, debido a que son estos lugares donde se garantizar\u00eda la integridad de los nueve asamble\u00edstas, hasta ahora no ha habido una respuesta favorable a la petici\u00f3n.<\/p>\n","protected":false},"excerpt":{"rendered":"<p>Ixmiquilpan Buscaba realizarla sobre la carretera M\u00e9xico Laredo, a la altura de la comunidad Juli\u00e1n Villagr\u00e1n Sin embargo, habitantes de la localidad le solicitaron al l\u00edder perredista retirara a los manifestantes, debido a que promov\u00edan asuntos pol\u00edticos y la comunidad no avalaba el bloqueo<\/p>\n","protected":false},"author":93,"featured_media":0,"comment_status":"open","ping_status":"open","sticky":false,"template":"","format":"standard","meta":{"footnotes":""},"categories":[40],"tags":[],"class_list":["post-2059","post","type-post","status-publish","format-standard","hentry","category-region"],"_links":{"self":[{"href":"https:\/\/plazajuarez.mx\/historico\/wp-json\/wp\/v2\/posts\/2059","targetHints":{"allow":["GET"]}}],"collection":[{"href":"https:\/\/plazajuarez.mx\/historico\/wp-json\/wp\/v2\/posts"}],"about":[{"href":"https:\/\/plazajuarez.mx\/historico\/wp-json\/wp\/v2\/types\/post"}],"author":[{"embeddable":true,"href":"https:\/\/plazajuarez.mx\/historico\/wp-json\/wp\/v2\/users\/93"}],"replies":[{"embeddable":true,"href":"https:\/\/plazajuarez.mx\/historico\/wp-json\/wp\/v2\/comments?post=2059"}],"version-history":[{"count":0,"href":"https:\/\/plazajuarez.mx\/historico\/wp-json\/wp\/v2\/posts\/2059\/revisions"}],"wp:attachment":[{"href":"https:\/\/plazajuarez.mx\/historico\/wp-json\/wp\/v2\/media?parent=2059"}],"wp:term":[{"taxonomy":"category","embeddable":true,"href":"https:\/\/plazajuarez.mx\/historico\/wp-json\/wp\/v2\/categories?post=2059"},{"taxonomy":"post_tag","embeddable":true,"href":"https:\/\/plazajuarez.mx\/historico\/wp-json\/wp\/v2\/tags?post=2059"}],"curies":[{"name":"wp","href":"https:\/\/api.w.org\/{rel}","templated":true}]}}