{"id":205853,"date":"2022-03-02T12:10:14","date_gmt":"2022-03-02T18:10:14","guid":{"rendered":"https:\/\/plazajuarez.mx\/?p=205853"},"modified":"2022-03-02T12:12:36","modified_gmt":"2022-03-02T18:12:36","slug":"mexico_corea","status":"publish","type":"post","link":"https:\/\/plazajuarez.mx\/historico\/mexico_corea\/","title":{"rendered":"M\u00e9xico y Corea del Sur reanudan negociaciones para un acuerdo comercial"},"content":{"rendered":"\n<p>M\u00e9xico y Corea del Sur acordaron reanudar las negociaciones para lograr un tratado comercial entre ambas naciones y as\u00ed fortalecer la relaci\u00f3n bilateral, inform\u00f3 este mi\u00e9rcoles la Secretar\u00eda de Econom\u00eda (SE).<\/p>\n\n\n\n<p>&#8220;La secretaria de Econom\u00eda, Tatiana Clouthier, sostuvo una reuni\u00f3n el 1 de marzo en la Ciudad de M\u00e9xico con el ministro de Comercio de la Rep\u00fablica de Corea, Sr. Han-koo Yeo, para acordar la reanudaci\u00f3n de las negociaciones para un tratado de libre comercio (TLC) bilateral&#8221;, inform\u00f3 el ministerio en un comunicado.<\/p>\n\n\n\n<p>Con motivo del 60 aniversario de las relaciones diplom\u00e1ticas entre M\u00e9xico y la Rep\u00fablica de Corea, ambos funcionarios &#8220;reafirmaron su compromiso de trabajar juntos para fortalecer la relaci\u00f3n comercial y econ\u00f3mica&#8221;, indic\u00f3 el texto.<\/p>\n\n\n\n<p>Se busca que TLC M\u00e9xico-Corea sea &#8220;moderno&#8221; y permita &#8220;enfrentar los desaf\u00edos y aprovechar las oportunidades del siglo XXI&#8221;.<\/p>\n\n\n\n<p>&#8220;Estableciendo un marco institucional que reduzca las barreras en el comercio de bienes y servicios, y que facilite la inversi\u00f3n mutua y el intercambio tecnol\u00f3gico&#8221;, adem\u00e1s de fortalecer la cooperaci\u00f3n en comercio y cadenas de suministro, agreg\u00f3 el bolet\u00edn.<\/p>\n\n\n\n<p>Ambos pa\u00edses esperan sostener una reuni\u00f3n preliminar en marzo con el objetivo de tener la primera ronda de negociaciones en la primera mitad de 2022.<\/p>\n\n\n\n<p>Hace m\u00e1s de una d\u00e9cada ya estudiaron la posibilidad de un acuerdo y ahora esperan lograr por fin un tratado de libre comercio.<\/p>\n\n\n\n<p>Los funcionarios de ambos pa\u00edses tambi\u00e9n celebraron este 1 de marzo el inicio de las negociaciones para el ingreso de Corea del Sur a la Alianza del Pac\u00edfico como Estado Asociado durante el primer semestre de 2022, de conformidad con la Declaraci\u00f3n de Bah\u00eda M\u00e1laga, Colombia.<\/p>\n\n\n\n<p>La relaci\u00f3n comercial, en ausencia de un tratado de libre comercio, se rige bajo las reglas de la Organizaci\u00f3n Mundial de Comercio.<\/p>\n\n\n\n<p>RELACI\u00d3N ECON\u00d3MICA<\/p>\n\n\n\n<p>Seg\u00fan datos de la Secretar\u00eda de Relaciones Exteriores (SRE), M\u00e9xico es la 15 econom\u00eda a nivel mundial y Corea la 12.<\/p>\n\n\n\n<p>Pese a la ausencia de un acuerdo comercial, el intercambio bilateral se ha duplicado en los \u00faltimos 10 a\u00f1os.<\/p>\n\n\n\n<p>Corea es el sexto socio comercial a escala mundial y M\u00e9xico es el primero de Am\u00e9rica Latina para Corea.<\/p>\n\n\n\n<p>De acuerdo con la Secretar\u00eda de Econom\u00eda (SE), en 2018 el comercio total entre M\u00e9xico y Corea fue de 20.870 millones de d\u00f3lares. Entre 2009 y 2018, las exportaciones mexicanas a Corea crecieron siete veces.<\/p>\n\n\n\n<p>En 2018, Corea ocup\u00f3 el noveno lugar a nivel mundial como pa\u00eds importador y M\u00e9xico el n\u00famero doce como exportador.<\/p>\n\n\n\n<p>En lo que respecta a inversiones directas de Corea en M\u00e9xico, entre 1999 y junio de 2019, M\u00e9xico recibi\u00f3 de Corea 6.512 millones de d\u00f3lares, y es el 12 inversionista a nivel mundial<\/p>\n\n\n\n<p>En M\u00e9xico hay m\u00e1s de 2.000 empresas con inversi\u00f3n surcoreana en su capital social, entre las que destacan Samsung, LG, Kores, Kepco, Kogas, Posco, Hyundai y KIA.<\/p>\n","protected":false},"excerpt":{"rendered":"<p>M\u00e9xico y Corea del Sur acordaron reanudar las negociaciones para lograr un tratado comercial entre ambas naciones y as\u00ed fortalecer la relaci\u00f3n bilateral, inform\u00f3 este mi\u00e9rcoles la Secretar\u00eda de Econom\u00eda (SE). &#8220;La secretaria de Econom\u00eda, Tatiana Clouthier, sostuvo una reuni\u00f3n el 1 de marzo en la Ciudad de M\u00e9xico con el ministro de Comercio de [&hellip;]<\/p>\n","protected":false},"author":80,"featured_media":205854,"comment_status":"closed","ping_status":"closed","sticky":false,"template":"","format":"standard","meta":{"footnotes":""},"categories":[15,36],"tags":[2209,2211],"class_list":["post-205853","post","type-post","status-publish","format-standard","has-post-thumbnail","hentry","category-destacadas","category-nacion","tag-nacionales","tag-orbe"],"_links":{"self":[{"href":"https:\/\/plazajuarez.mx\/historico\/wp-json\/wp\/v2\/posts\/205853","targetHints":{"allow":["GET"]}}],"collection":[{"href":"https:\/\/plazajuarez.mx\/historico\/wp-json\/wp\/v2\/posts"}],"about":[{"href":"https:\/\/plazajuarez.mx\/historico\/wp-json\/wp\/v2\/types\/post"}],"author":[{"embeddable":true,"href":"https:\/\/plazajuarez.mx\/historico\/wp-json\/wp\/v2\/users\/80"}],"replies":[{"embeddable":true,"href":"https:\/\/plazajuarez.mx\/historico\/wp-json\/wp\/v2\/comments?post=205853"}],"version-history":[{"count":0,"href":"https:\/\/plazajuarez.mx\/historico\/wp-json\/wp\/v2\/posts\/205853\/revisions"}],"wp:featuredmedia":[{"embeddable":true,"href":"https:\/\/plazajuarez.mx\/historico\/wp-json\/wp\/v2\/media\/205854"}],"wp:attachment":[{"href":"https:\/\/plazajuarez.mx\/historico\/wp-json\/wp\/v2\/media?parent=205853"}],"wp:term":[{"taxonomy":"category","embeddable":true,"href":"https:\/\/plazajuarez.mx\/historico\/wp-json\/wp\/v2\/categories?post=205853"},{"taxonomy":"post_tag","embeddable":true,"href":"https:\/\/plazajuarez.mx\/historico\/wp-json\/wp\/v2\/tags?post=205853"}],"curies":[{"name":"wp","href":"https:\/\/api.w.org\/{rel}","templated":true}]}}