{"id":205816,"date":"2022-03-02T08:25:36","date_gmt":"2022-03-02T14:25:36","guid":{"rendered":"https:\/\/plazajuarez.mx\/?p=205816"},"modified":"2022-03-02T08:25:49","modified_gmt":"2022-03-02T14:25:49","slug":"organizaciones-pueden-promover-revocacion-de-mandato","status":"publish","type":"post","link":"https:\/\/plazajuarez.mx\/historico\/organizaciones-pueden-promover-revocacion-de-mandato\/","title":{"rendered":"Organizaciones pueden promover revocaci\u00f3n de mandato\u00a0"},"content":{"rendered":"\n<p>Tulancingo de Bravo.- Organizaciones civiles pueden hacer promoci\u00f3n para que la poblaci\u00f3n participe en el proceso de revocaci\u00f3n de mandato al presidente de M\u00e9xico, Andr\u00e9s Manuel L\u00f3pez Obrador.<\/p>\n\n\n\n<p>As\u00ed lo asegur\u00f3 en entrevista Gabriela Jim\u00e9nez Godoy, presidenta nacional de la Asociaci\u00f3n Civil \u201cQue siga la democracia\u201d, quien se\u00f1al\u00f3 que est\u00e1n en derecho de realizar dicha promoci\u00f3n, pues est\u00e1 incluido en el art\u00edculo 35 de la Constituci\u00f3n Pol\u00edtica de los Estados Unidos Mexicanos.<\/p>\n\n\n\n<p>Hace un par de semanas, Lorenzo C\u00f3rdova Vianello, consejero presidente del Instituto Nacional Electoral (INE), dijo que s\u00f3lo este organismo puede realizar promoci\u00f3n y difusi\u00f3n del proceso de renovaci\u00f3n de mandato, cuya consulta se realizar\u00e1 el pr\u00f3ximo 10 de abril.<\/p>\n","protected":false},"excerpt":{"rendered":"<p>Tulancingo de Bravo.- Organizaciones civiles pueden hacer promoci\u00f3n para que la poblaci\u00f3n participe en el proceso de revocaci\u00f3n de mandato al presidente de M\u00e9xico, Andr\u00e9s Manuel L\u00f3pez Obrador. As\u00ed lo asegur\u00f3 en entrevista Gabriela Jim\u00e9nez Godoy, presidenta nacional de la Asociaci\u00f3n Civil \u201cQue siga la democracia\u201d, quien se\u00f1al\u00f3 que est\u00e1n en derecho de realizar dicha [&hellip;]<\/p>\n","protected":false},"author":70,"featured_media":205818,"comment_status":"closed","ping_status":"closed","sticky":false,"template":"","format":"standard","meta":{"footnotes":""},"categories":[2159,40],"tags":[],"class_list":["post-205816","post","type-post","status-publish","format-standard","has-post-thumbnail","hentry","category-noticias-de-hidalgo","category-region"],"_links":{"self":[{"href":"https:\/\/plazajuarez.mx\/historico\/wp-json\/wp\/v2\/posts\/205816","targetHints":{"allow":["GET"]}}],"collection":[{"href":"https:\/\/plazajuarez.mx\/historico\/wp-json\/wp\/v2\/posts"}],"about":[{"href":"https:\/\/plazajuarez.mx\/historico\/wp-json\/wp\/v2\/types\/post"}],"author":[{"embeddable":true,"href":"https:\/\/plazajuarez.mx\/historico\/wp-json\/wp\/v2\/users\/70"}],"replies":[{"embeddable":true,"href":"https:\/\/plazajuarez.mx\/historico\/wp-json\/wp\/v2\/comments?post=205816"}],"version-history":[{"count":0,"href":"https:\/\/plazajuarez.mx\/historico\/wp-json\/wp\/v2\/posts\/205816\/revisions"}],"wp:featuredmedia":[{"embeddable":true,"href":"https:\/\/plazajuarez.mx\/historico\/wp-json\/wp\/v2\/media\/205818"}],"wp:attachment":[{"href":"https:\/\/plazajuarez.mx\/historico\/wp-json\/wp\/v2\/media?parent=205816"}],"wp:term":[{"taxonomy":"category","embeddable":true,"href":"https:\/\/plazajuarez.mx\/historico\/wp-json\/wp\/v2\/categories?post=205816"},{"taxonomy":"post_tag","embeddable":true,"href":"https:\/\/plazajuarez.mx\/historico\/wp-json\/wp\/v2\/tags?post=205816"}],"curies":[{"name":"wp","href":"https:\/\/api.w.org\/{rel}","templated":true}]}}