{"id":205727,"date":"2022-03-01T14:17:43","date_gmt":"2022-03-01T20:17:43","guid":{"rendered":"https:\/\/plazajuarez.mx\/?p=205727"},"modified":"2022-03-01T14:19:26","modified_gmt":"2022-03-01T20:19:26","slug":"sismo_paxtla","status":"publish","type":"post","link":"https:\/\/plazajuarez.mx\/historico\/sismo_paxtla\/","title":{"rendered":"Reportan sismo con epicentro en sureste de San Andr\u00e9s Paxtl\u00e1n, Oaxaca"},"content":{"rendered":"\n<p> La tarde de este martes se registr\u00f3 un sismo con epicentro en el sureste de SanAndr\u00e9s Paxtl\u00e1n, Oaxaca.<br>El sismo no amerit\u00f3 que se activara la alerta s\u00edsmica.<\/p>\n","protected":false},"excerpt":{"rendered":"<p>La tarde de este martes se registr\u00f3 un sismo con epicentro en el sureste de SanAndr\u00e9s Paxtl\u00e1n, Oaxaca.El sismo no amerit\u00f3 que se activara la alerta s\u00edsmica.<\/p>\n","protected":false},"author":81,"featured_media":205728,"comment_status":"closed","ping_status":"closed","sticky":false,"template":"","format":"standard","meta":{"footnotes":""},"categories":[15,36],"tags":[2199,2200],"class_list":["post-205727","post","type-post","status-publish","format-standard","has-post-thumbnail","hentry","category-destacadas","category-nacion","tag-oaxaca","tag-sismo"],"_links":{"self":[{"href":"https:\/\/plazajuarez.mx\/historico\/wp-json\/wp\/v2\/posts\/205727","targetHints":{"allow":["GET"]}}],"collection":[{"href":"https:\/\/plazajuarez.mx\/historico\/wp-json\/wp\/v2\/posts"}],"about":[{"href":"https:\/\/plazajuarez.mx\/historico\/wp-json\/wp\/v2\/types\/post"}],"author":[{"embeddable":true,"href":"https:\/\/plazajuarez.mx\/historico\/wp-json\/wp\/v2\/users\/81"}],"replies":[{"embeddable":true,"href":"https:\/\/plazajuarez.mx\/historico\/wp-json\/wp\/v2\/comments?post=205727"}],"version-history":[{"count":0,"href":"https:\/\/plazajuarez.mx\/historico\/wp-json\/wp\/v2\/posts\/205727\/revisions"}],"wp:featuredmedia":[{"embeddable":true,"href":"https:\/\/plazajuarez.mx\/historico\/wp-json\/wp\/v2\/media\/205728"}],"wp:attachment":[{"href":"https:\/\/plazajuarez.mx\/historico\/wp-json\/wp\/v2\/media?parent=205727"}],"wp:term":[{"taxonomy":"category","embeddable":true,"href":"https:\/\/plazajuarez.mx\/historico\/wp-json\/wp\/v2\/categories?post=205727"},{"taxonomy":"post_tag","embeddable":true,"href":"https:\/\/plazajuarez.mx\/historico\/wp-json\/wp\/v2\/tags?post=205727"}],"curies":[{"name":"wp","href":"https:\/\/api.w.org\/{rel}","templated":true}]}}