{"id":205552,"date":"2022-02-28T14:52:11","date_gmt":"2022-02-28T20:52:11","guid":{"rendered":"https:\/\/plazajuarez.mx\/?p=205552"},"modified":"2022-02-28T15:04:35","modified_gmt":"2022-02-28T21:04:35","slug":"karol-g-traera-su","status":"publish","type":"post","link":"https:\/\/plazajuarez.mx\/historico\/karol-g-traera-su\/","title":{"rendered":"Karol G traer\u00e1 su tour &#8220;Bichota Reloaded&#8221; a tres ciudades de M\u00e9xico"},"content":{"rendered":"\n<p>El reggaet\u00f3n inunda el pa\u00eds; luego de que Maluma y Bad Bunny confirmaran conciertos en M\u00e9xico para este 2022, ahora toc\u00f3 el turno de Karol G.<\/p>\n\n\n\n<p>La cantante realiza desde el a\u00f1o pasado &#8220;Bichota Tour&#8221; por varias ciudades de Estados Unidos y ahora Latinoam\u00e9rica disfrutar\u00e1 su versi\u00f3n Reloaded.<\/p>\n\n\n\n<p>En Puerto Rico, la cantante colombiana hizo historia al romper el r\u00e9cord de la artista femenina latina que m\u00e1s r\u00e1pido ha vendido por completo dos funciones consecutivas para el Coliseo de Puerto Rico, en el que se present\u00f3 en noviembre pasado.<\/p>\n\n\n\n<p>M\u00e1s de 60 mil personas participaron en la l\u00ednea virtual de ticketera.com para comprar boletos del concierto en Puerto Rico, y ahora est\u00e1 por verse si lograr\u00e1 lo mismo para los shows que planea en M\u00e9xico.<\/p>\n\n\n\n<p>&#8220;Bichota Tour Reloaded&#8221; se presentar\u00e1 el 11 de junio en la Arena de la Ciudad de M\u00e9xico; la preventa de boletos ser\u00e1 el 4 de marzo.<\/p>\n\n\n\n<p>&#8220;\u00a1Buenas noticias! @karolg en concierto en la #ArenaCDMX \u00a1No te pierdas la oportunidad de escuchar los #hits de la colombiana&#8230; &#8220;Tusa&#8221;, &#8220;Mi cama&#8221; y &#8220;Bichota&#8221; el pr\u00f3ximo 11 de junio en &#8220;Bichota tour reloaded&#8221;, se lee en la publicaci\u00f3n del recinto de Azcapotzalco.<\/p>\n\n\n\n<p>La cantante tambi\u00e9n se presentar\u00e1 en la Arena Monterrey, el 1 de junio, y en el Auditorio Telmex, de Guadalajara, el 8 del mismo mes, pero hasta el momento esas sedes no han realizado el anuncio de preventa.<\/p>\n\n\n\n<p>En su cuenta oficial de Instagram, Kartol G public\u00f3 un video para dar a conocer la gira que har\u00e1 por Latinoam\u00e9rica, pero sin dar a conocer las fechas.<\/p>\n\n\n\n<p>La colombiana prometi\u00f3 que ser\u00e1 este martes cuando se inicie la venta de boletos, aunque tampoco especific\u00f3 c\u00f3mo se llevar\u00e1 a cabo esta venta.<\/p>\n","protected":false},"excerpt":{"rendered":"<p>El reggaet\u00f3n inunda el pa\u00eds; luego de que Maluma y Bad Bunny confirmaran conciertos en M\u00e9xico para este 2022, ahora toc\u00f3 el turno de Karol G. La cantante realiza desde el a\u00f1o pasado &#8220;Bichota Tour&#8221; por varias ciudades de Estados Unidos y ahora Latinoam\u00e9rica disfrutar\u00e1 su versi\u00f3n Reloaded. En Puerto Rico, la cantante colombiana hizo [&hellip;]<\/p>\n","protected":false},"author":81,"featured_media":205556,"comment_status":"closed","ping_status":"closed","sticky":false,"template":"","format":"standard","meta":{"footnotes":""},"categories":[38],"tags":[],"class_list":["post-205552","post","type-post","status-publish","format-standard","has-post-thumbnail","hentry","category-show"],"_links":{"self":[{"href":"https:\/\/plazajuarez.mx\/historico\/wp-json\/wp\/v2\/posts\/205552","targetHints":{"allow":["GET"]}}],"collection":[{"href":"https:\/\/plazajuarez.mx\/historico\/wp-json\/wp\/v2\/posts"}],"about":[{"href":"https:\/\/plazajuarez.mx\/historico\/wp-json\/wp\/v2\/types\/post"}],"author":[{"embeddable":true,"href":"https:\/\/plazajuarez.mx\/historico\/wp-json\/wp\/v2\/users\/81"}],"replies":[{"embeddable":true,"href":"https:\/\/plazajuarez.mx\/historico\/wp-json\/wp\/v2\/comments?post=205552"}],"version-history":[{"count":0,"href":"https:\/\/plazajuarez.mx\/historico\/wp-json\/wp\/v2\/posts\/205552\/revisions"}],"wp:featuredmedia":[{"embeddable":true,"href":"https:\/\/plazajuarez.mx\/historico\/wp-json\/wp\/v2\/media\/205556"}],"wp:attachment":[{"href":"https:\/\/plazajuarez.mx\/historico\/wp-json\/wp\/v2\/media?parent=205552"}],"wp:term":[{"taxonomy":"category","embeddable":true,"href":"https:\/\/plazajuarez.mx\/historico\/wp-json\/wp\/v2\/categories?post=205552"},{"taxonomy":"post_tag","embeddable":true,"href":"https:\/\/plazajuarez.mx\/historico\/wp-json\/wp\/v2\/tags?post=205552"}],"curies":[{"name":"wp","href":"https:\/\/api.w.org\/{rel}","templated":true}]}}