{"id":2048,"date":"2015-03-11T06:00:00","date_gmt":"2015-03-11T06:00:00","guid":{"rendered":"http:\/\/plazajuarez.mx\/index\/index.php\/2015\/03\/11\/integrantes-de-la-fiodeh-se-manifestaron\/"},"modified":"2015-03-11T06:00:00","modified_gmt":"2015-03-11T06:00:00","slug":"integrantes-de-la-fiodeh-se-manifestaron","status":"publish","type":"post","link":"https:\/\/plazajuarez.mx\/historico\/integrantes-de-la-fiodeh-se-manifestaron\/","title":{"rendered":"Integrantes de la FIODEH se manifestaron"},"content":{"rendered":"<p>TENSI\u00d3N EN LA PLAZA CONSTITUCI\u00d3N<\/p>\n<ul>\n<li>Se re\u00fanen con autoridades municipales y c\u00e1maras, llegan a acuerdos<\/li>\n<li>Oscar Pelcastre amenazaba con tomar el mercado Miguel Hidalgo <!--more--> <\/li>\n<\/ul>\n<p>Este martes, desde muy temprana hora, comerciantes integrantes de la Federaci\u00f3n de Organizaciones Independientes del Estado de Hidalgo (FOIDEH), colocaron cartulinas en los portales de la Plaza Constituci\u00f3n, frente al mercado Primero de Mayo, para manifestar su inconformidad por la violaci\u00f3n de acuerdos por parte de las c\u00e1maras de comercio y de la Confederaci\u00f3n Nacional de Organizaciones Populares (CNOP) para el establecimiento de puestos ambulantes en el primer cuadro de la ciudad.<\/p>\n<p>\u00a0<\/p>\n<p>Por algunas horas de la ma\u00f1ana, la tensi\u00f3n se sinti\u00f3 en la Plaza Constituci\u00f3n, donde el l\u00edder de la FOIDEH, Oscar Pelcastre Almaz\u00e1n exig\u00eda la presencia de autoridades de gobierno del estado para llegar a un acuerdo y establecer mesas de di\u00e1logo con quienes, dijo, no respetaron los acuerdos.<\/p>\n<p>\u00a0<\/p>\n<p>En entrevista y rodeado de varios de sus agremiados, el l\u00edder del comercio ambulante explic\u00f3 que por su parte no ten\u00eda ning\u00fan problema con la Presidencia Municipal, sin embargo si con las c\u00e1maras y la CNOP, quienes hab\u00edan violado los acuerdos de que sus locatarios no invadieran las calles con su mercanc\u00eda, por ejemplo los lunes, d\u00eda en que se acord\u00f3 que los ambulantes no se colocar\u00edan en las calles.<\/p>\n<p>\u00a0<\/p>\n<p>Al tiempo en que mostraba fotograf\u00edas donde locatarios de la zona invad\u00edan las calles con mercanc\u00eda, el l\u00edder de comerciantes amenaz\u00f3 con regresar el ambulantaje al primer cuadro de la ciudad e incluso tomar el mercado Miguel Hidalgo de no realizarse este mismo d\u00eda una reuni\u00f3n con representantes de c\u00e1maras, de la CNOP y regidores de todos los partidos, pues asegur\u00f3 que varios de ellos estaban metiendo las manos en este tema de comerciantes.<\/p>\n<p>\u00a0<\/p>\n<p>Previ\u00f3 a un ambiente en el que se ten\u00edan rumores de que llegar\u00eda la fuerza p\u00fablica a desalojar a los ambulantes, lleg\u00f3 alrededor de las 12 del d\u00eda lleg\u00f3 al lugar, Isabel Barrera, directora de Comercio y Abasto del Ayuntamiento de Pachuca, quien escuch\u00f3 las peticiones de Oscar Pelcastre, quien afirm\u00f3 que no dejar\u00eda a su gente y exig\u00eda soluci\u00f3n al problema, mediante la mesa de di\u00e1logo.<\/p>\n<p>\u00a0<\/p>\n<p>Isabel Barrera se retir\u00f3 del lugar y cerca de la 1:15 de la tarde los representantes de los comerciantes ambulantes se trasladaron a la Presidencia Municipal, donde se inform\u00f3 que se llevar\u00eda a cabo la reuni\u00f3n exigida.<\/p>\n<p>\u00a0<\/p>\n<p>Al cierre de esta edici\u00f3n, la reuni\u00f3n en el Ayuntamiento continuaba y a\u00fan se desconoc\u00edan los acuerdos; sin embargo al entrar a \u00e9sta, Oscar Pelcastre declar\u00f3 que de no llegar a un acuerdo, los ambulantes tomar\u00edan las instalaciones del mercado Miguel Hidalgo hoy alrededor de las 12 del d\u00eda.<\/p>\n<p>Por su parte, por la noche,\u00a0al concluir la sesi\u00f3n extraordinaria que se llev\u00f3 a cabo este martes para aprobar la solicitud de licencia de la regidora Adriana Flores, el alcalde de Pachuca, Eleazar Garc\u00eda S\u00e1nchez, habl\u00f3 del caso y confirm\u00f3 que el di\u00e1logo continuar\u00eda y se esperaba llegar a acuerdos en las pr\u00f3ximas horas.<\/p>\n<p>&#8220;Se har\u00e1 una mesa de di\u00e1logo y la intensi\u00f3n es llegar acuerdos, pero sobre todo buscar alternativas para que ellos (comercio ambulante) puedan trabajar, pero tambi\u00e9n que respeten las vialidades y banquetas de la ciudad, espero que en pr\u00f3ximas horas tengamos ya un acuerdo\u201d, y a\u00f1adi\u00f3 &#8220;estoy pendiente de que tengan ellos la posibilidad de trabajar, no es gente que robe o sean delincuentes, buscan un ingreso para sus familias, el tema social debemos cuidarlo\u201d.<\/p>\n<p>Finalmente, en entrevista, el Presidente Municipal de Pachuca, coment\u00f3 que la salida m\u00e1s viable para este conflicto ser\u00eda la adquisici\u00f3n de un predio para que los ambulantes tengan un espacio y todos trabajen de manera ordenada.<\/p>\n","protected":false},"excerpt":{"rendered":"<p>TENSI\u00d3N EN LA PLAZA CONSTITUCI\u00d3N Se re\u00fanen con autoridades municipales y c\u00e1maras, llegan a acuerdos Oscar Pelcastre amenazaba con tomar el mercado Miguel Hidalgo<\/p>\n","protected":false},"author":93,"featured_media":0,"comment_status":"open","ping_status":"open","sticky":false,"template":"","format":"standard","meta":{"footnotes":""},"categories":[59],"tags":[],"class_list":["post-2048","post","type-post","status-publish","format-standard","hentry","category-general"],"_links":{"self":[{"href":"https:\/\/plazajuarez.mx\/historico\/wp-json\/wp\/v2\/posts\/2048","targetHints":{"allow":["GET"]}}],"collection":[{"href":"https:\/\/plazajuarez.mx\/historico\/wp-json\/wp\/v2\/posts"}],"about":[{"href":"https:\/\/plazajuarez.mx\/historico\/wp-json\/wp\/v2\/types\/post"}],"author":[{"embeddable":true,"href":"https:\/\/plazajuarez.mx\/historico\/wp-json\/wp\/v2\/users\/93"}],"replies":[{"embeddable":true,"href":"https:\/\/plazajuarez.mx\/historico\/wp-json\/wp\/v2\/comments?post=2048"}],"version-history":[{"count":0,"href":"https:\/\/plazajuarez.mx\/historico\/wp-json\/wp\/v2\/posts\/2048\/revisions"}],"wp:attachment":[{"href":"https:\/\/plazajuarez.mx\/historico\/wp-json\/wp\/v2\/media?parent=2048"}],"wp:term":[{"taxonomy":"category","embeddable":true,"href":"https:\/\/plazajuarez.mx\/historico\/wp-json\/wp\/v2\/categories?post=2048"},{"taxonomy":"post_tag","embeddable":true,"href":"https:\/\/plazajuarez.mx\/historico\/wp-json\/wp\/v2\/tags?post=2048"}],"curies":[{"name":"wp","href":"https:\/\/api.w.org\/{rel}","templated":true}]}}