{"id":204737,"date":"2022-02-23T07:53:12","date_gmt":"2022-02-23T13:53:12","guid":{"rendered":"https:\/\/plazajuarez.mx\/?p=204737"},"modified":"2022-02-23T07:53:27","modified_gmt":"2022-02-23T13:53:27","slug":"hidalgo-apuesta-por-la-interconexion-latinoamericana","status":"publish","type":"post","link":"https:\/\/plazajuarez.mx\/historico\/hidalgo-apuesta-por-la-interconexion-latinoamericana\/","title":{"rendered":"Hidalgo apuesta por la interconexi\u00f3n latinoamericana"},"content":{"rendered":"\n<p>Durante la reuni\u00f3n virtual de instalaci\u00f3n de la Red Latinoamericana de Gobiernos Regionales, el gobernador de Hidalgo, Omar Fayad Meneses, rindi\u00f3 protesta como vicepresidente del organismo constituido en 2020, con el objetivo de ser un espacio de di\u00e1logo y concertaci\u00f3n sobre temas de inter\u00e9s com\u00fan para los gobiernos latinoamericanos.<\/p>\n\n\n\n<p>Tambi\u00e9n particip\u00f3 de esta instalaci\u00f3n el presidente de la Federaci\u00f3n Latinoamericana de Ciudades, Municipios y Asociaciones de Gobiernos Locales (FLACMA), Gian Carlo Gerometta Burbano.<\/p>\n\n\n\n<p>El mandatario hidalguense confi\u00f3 en que la Red Latinoamericana de Gobiernos Regionales sea un mecanismo de cooperaci\u00f3n pol\u00edtica en el que los gobiernos subnacionales del Cono Sur puedan intercambiar experiencias y mejores pr\u00e1cticas.<\/p>\n\n\n\n<p>El mandatario propuso la realizaci\u00f3n de una cumbre de l\u00edderes de los gobiernos subnacionales, municipales y de las ciudades de Latinoam\u00e9rica, a realizarse dentro de los siguientes tres meses, de forma presencial.<\/p>\n\n\n\n<p>Asimismo invit\u00f3 a las y los integrantes de la mesa directiva que preside Ver\u00f3nica Magario Calder\u00f3n, tambi\u00e9n vicegobernadora de la provincia de Buenos Aires, a construir la agenda de trabajo alrededor de la referida propuesta.<\/p>\n\n\n\n<p>Fayad Meneses sostuvo que la Comisi\u00f3n Nacional de Gobernadores (Conago) permanece abierta a tender nuevos puentes de colaboraci\u00f3n con asociaciones del mundo, en particular con aquellas de pa\u00edses y ciudades con las que comparte no s\u00f3lo una regi\u00f3n; sino la cultura, el idioma, un legado hist\u00f3rico, pero, sobre todo, el porvenir.<\/p>\n","protected":false},"excerpt":{"rendered":"<p>Durante la reuni\u00f3n virtual de instalaci\u00f3n de la Red Latinoamericana de Gobiernos Regionales, el gobernador de Hidalgo, Omar Fayad Meneses, rindi\u00f3 protesta como vicepresidente del organismo constituido en 2020, con el objetivo de ser un espacio de di\u00e1logo y concertaci\u00f3n sobre temas de inter\u00e9s com\u00fan para los gobiernos latinoamericanos. Tambi\u00e9n particip\u00f3 de esta instalaci\u00f3n el [&hellip;]<\/p>\n","protected":false},"author":93,"featured_media":204746,"comment_status":"closed","ping_status":"closed","sticky":false,"template":"","format":"standard","meta":{"footnotes":""},"categories":[15,59],"tags":[],"class_list":["post-204737","post","type-post","status-publish","format-standard","has-post-thumbnail","hentry","category-destacadas","category-general"],"_links":{"self":[{"href":"https:\/\/plazajuarez.mx\/historico\/wp-json\/wp\/v2\/posts\/204737","targetHints":{"allow":["GET"]}}],"collection":[{"href":"https:\/\/plazajuarez.mx\/historico\/wp-json\/wp\/v2\/posts"}],"about":[{"href":"https:\/\/plazajuarez.mx\/historico\/wp-json\/wp\/v2\/types\/post"}],"author":[{"embeddable":true,"href":"https:\/\/plazajuarez.mx\/historico\/wp-json\/wp\/v2\/users\/93"}],"replies":[{"embeddable":true,"href":"https:\/\/plazajuarez.mx\/historico\/wp-json\/wp\/v2\/comments?post=204737"}],"version-history":[{"count":0,"href":"https:\/\/plazajuarez.mx\/historico\/wp-json\/wp\/v2\/posts\/204737\/revisions"}],"wp:featuredmedia":[{"embeddable":true,"href":"https:\/\/plazajuarez.mx\/historico\/wp-json\/wp\/v2\/media\/204746"}],"wp:attachment":[{"href":"https:\/\/plazajuarez.mx\/historico\/wp-json\/wp\/v2\/media?parent=204737"}],"wp:term":[{"taxonomy":"category","embeddable":true,"href":"https:\/\/plazajuarez.mx\/historico\/wp-json\/wp\/v2\/categories?post=204737"},{"taxonomy":"post_tag","embeddable":true,"href":"https:\/\/plazajuarez.mx\/historico\/wp-json\/wp\/v2\/tags?post=204737"}],"curies":[{"name":"wp","href":"https:\/\/api.w.org\/{rel}","templated":true}]}}