{"id":2046,"date":"2015-03-11T06:00:00","date_gmt":"2015-03-11T06:00:00","guid":{"rendered":"http:\/\/plazajuarez.mx\/index\/index.php\/2015\/03\/11\/presentaran-libro-en-materia-de-derechos-humanos\/"},"modified":"2015-03-11T06:00:00","modified_gmt":"2015-03-11T06:00:00","slug":"presentaran-libro-en-materia-de-derechos-humanos","status":"publish","type":"post","link":"https:\/\/plazajuarez.mx\/historico\/presentaran-libro-en-materia-de-derechos-humanos\/","title":{"rendered":"Presentar\u00e1n libro en materia de derechos humanos"},"content":{"rendered":"<p>EN LA SALLE<\/p>\n<ul>\n<li>Importante abonar al eje transversal del derecho, asegur\u00f3 el coordinador de la publicaci\u00f3n y director de la Facultad de Derecho de la Universidad La Salle <!--more--> \u00a0<\/li>\n<\/ul>\n<p>Ma\u00f1ana en la sala de proyecciones de la Universidad La Salle, ser\u00e1 presentado el libro \u201cConstituci\u00f3n Pol\u00edtica y Derechos Humanos: Sus Desaf\u00edos para el Siglo XXI en M\u00e9xico\u201d, publicaci\u00f3n coordinada por el tambi\u00e9n director de la Facultad de Derecho, Emir L\u00f3pez Badillo, quien coment\u00f3 para Diario Plaza Ju\u00e1rez parte del trabajo compilado y la importancia de profundizar en temas como son los derechos humanos.<\/p>\n<p>\u00a0<\/p>\n<p>\u201cLos derechos humanos son el eje transversal del derecho desde el momento en que los hombres entablan relaciones entre s\u00ed se crean v\u00ednculos y con ello derechos humanos, entonces vemos que tenemos que abonar en este sentido ya que a pesar de que se han logrados bastantes avances en la materia a\u00fan hay mucho por hacer\u201d, dijo.<\/p>\n<p>\u00a0<\/p>\n<p>De igual forma coment\u00f3 que las universidades tiene gran responsabilidad en materia de formar alumnos que concluyan sus carreras como abogados pero con gran carga de valores y \u00e9tica que permita combatir la crisis de credibilidad que la poblaci\u00f3n tiene ante los abogados en cualquier parte del pa\u00eds, por lo que enfatiz\u00f3 que la l\u00ednea que sigue la universidad en la que labora es precisamente en Derechos Humanos.<\/p>\n<p>\u00a0<\/p>\n<p>Ante esto, coment\u00f3 que surgi\u00f3 el trabajo que desempe\u00f1aron 9 colaboradores, mismos que tocaron puntos diversos sobre Derechos Humanos, entre los que destac\u00f3 al actual consejero presidente del Instituto Estatal Electoral de Hidalgo (IEEH) Mario Ernesto Pfeiffer Islas, por lo que destac\u00f3 que \u201cno es un tema agotado, hay mucho que trabajar, y ya estaremos pensando en nuevas publicaciones posteriores\u201d.<\/p>\n<p>\u00a0<\/p>\n<p>Por lo anterior reiter\u00f3 \u201ctrabajamos desde la docencia en generar sensibilizaci\u00f3n y que destaque la importancia de los derechos humanos en general tanto en lo jur\u00eddico como en lo social, teniendo siempre en cuenta que nuestros estudiantes son agentes sociales y que ser\u00e1n ellos los que contribuyan en la vigencia de los derechos humanos propios y de los dem\u00e1s\u201d.<\/p>\n<p>\u00a0<\/p>\n<p>Finalmente coment\u00f3 que ma\u00f1ana se presentar\u00e1 el libro \u201cConstituci\u00f3n Pol\u00edtica y Derechos Humanos: Sus Desaf\u00edos para el Siglo XXI en M\u00e9xico\u201d, en punto de las 19 horas, y estar\u00e1 abierto al p\u00fablico en general.<\/p>\n","protected":false},"excerpt":{"rendered":"<p>EN LA SALLE Importante abonar al eje transversal del derecho, asegur\u00f3 el coordinador de la publicaci\u00f3n y director de la Facultad de Derecho de la Universidad La Salle<\/p>\n","protected":false},"author":93,"featured_media":0,"comment_status":"open","ping_status":"open","sticky":false,"template":"","format":"standard","meta":{"footnotes":""},"categories":[59],"tags":[],"class_list":["post-2046","post","type-post","status-publish","format-standard","hentry","category-general"],"_links":{"self":[{"href":"https:\/\/plazajuarez.mx\/historico\/wp-json\/wp\/v2\/posts\/2046","targetHints":{"allow":["GET"]}}],"collection":[{"href":"https:\/\/plazajuarez.mx\/historico\/wp-json\/wp\/v2\/posts"}],"about":[{"href":"https:\/\/plazajuarez.mx\/historico\/wp-json\/wp\/v2\/types\/post"}],"author":[{"embeddable":true,"href":"https:\/\/plazajuarez.mx\/historico\/wp-json\/wp\/v2\/users\/93"}],"replies":[{"embeddable":true,"href":"https:\/\/plazajuarez.mx\/historico\/wp-json\/wp\/v2\/comments?post=2046"}],"version-history":[{"count":0,"href":"https:\/\/plazajuarez.mx\/historico\/wp-json\/wp\/v2\/posts\/2046\/revisions"}],"wp:attachment":[{"href":"https:\/\/plazajuarez.mx\/historico\/wp-json\/wp\/v2\/media?parent=2046"}],"wp:term":[{"taxonomy":"category","embeddable":true,"href":"https:\/\/plazajuarez.mx\/historico\/wp-json\/wp\/v2\/categories?post=2046"},{"taxonomy":"post_tag","embeddable":true,"href":"https:\/\/plazajuarez.mx\/historico\/wp-json\/wp\/v2\/tags?post=2046"}],"curies":[{"name":"wp","href":"https:\/\/api.w.org\/{rel}","templated":true}]}}