{"id":204575,"date":"2022-02-22T07:16:47","date_gmt":"2022-02-22T13:16:47","guid":{"rendered":"https:\/\/plazajuarez.mx\/?p=204575"},"modified":"2022-02-22T07:17:34","modified_gmt":"2022-02-22T13:17:34","slug":"semana-de-periodismo","status":"publish","type":"post","link":"https:\/\/plazajuarez.mx\/historico\/semana-de-periodismo\/","title":{"rendered":"Inauguran 5\u00b0 Semana de Periodismo"},"content":{"rendered":"\n<p>Ayer, en la Sala 3D del Mundo del F\u00fatbol y Sal\u00f3n de la Fama se inaugur\u00f3 la \u201cQuinta Semana del Periodismo Hidalgo 2022\u201d. En la inauguraci\u00f3n se guard\u00f3 un minuto de silencio por los cinco periodistas asesinados en lo que va de este a\u00f1o.<\/p>\n\n\n\n<p>\u201cNo es una celebraci\u00f3n, es un foro de an\u00e1lisis y reflexi\u00f3n&#8221;, se\u00f1al\u00f3 Borrego, quien agreg\u00f3 que hace cinco a\u00f1os un grupo de amigos y colegas iniciaron este proyecto con la finalidad de aprender entre ellos: \u201cde hacer un gremio m\u00e1s unido a pesar de los enfoques distintos de cada quien\u201d.&nbsp;<\/p>\n\n\n\n<p>Por su parte, Alejandro G\u00e1lvez, presidente de la Fundaci\u00f3n para la Comunicaci\u00f3n y el Periodismo (FUNCOPE) agradeci\u00f3 a quienes asistieron y pidi\u00f3 a Borrego pasar lista de los periodistas asesinados: Jos\u00e9 Luis Gamboa Arenas, Margarito Mart\u00ednez Esquivel, Lourdes Maldonado L\u00f3pez, Roberto Toledo, Heber L\u00f3pez V\u00e1zquez.<\/p>\n\n\n\n<div class=\"wp-block-buttons is-layout-flex wp-block-buttons-is-layout-flex\">\n<div class=\"wp-block-button aligncenter is-style-outline is-style-outline--1\"><a class=\"wp-block-button__link\" href=\"https:\/\/plazajuarez.mx\/historico\/historico\/category\/noticias-de-hidalgo\/\">LEER M\u00c1S NOTICIAS DE HIDALGO<\/a><\/div>\n<\/div>\n\n\n\n<p>Inform\u00f3 que la FUNCOPE tienes tres objetivos: \u201cla profesionalizaci\u00f3n contante de quienes formamos parte de este gremio, involucrar a las nuevas generaciones de manera que hagamos una sinergia: juventud y experiencia, y el tres y el m\u00e1s importante, me parece, seguir uniendo periodistas\u201d.&nbsp;<\/p>\n\n\n\n<blockquote class=\"wp-block-quote is-style-large is-layout-flow wp-block-quote-is-layout-flow\"><p>Recalc\u00f3 la importancia de ser un \u201cgremio unido, s\u00f3lido y que no est\u00e9 a merced de un grupo pol\u00edtico, sino de la audiencia para la que trabajamos\u201d.<\/p><\/blockquote>\n\n\n\n<p>Previo al corte de list\u00f3n, Francisco Garc\u00eda Davish, director general de Grupo Quadrat\u00edn, dijo: \u201clo que los periodistas no hagamos por nosotros; los periodistas; desgraciadamente nadie lo va a hacer\u201d.<\/p>\n","protected":false},"excerpt":{"rendered":"<p>Ayer, en la Sala 3D del Mundo del F\u00fatbol y Sal\u00f3n de la Fama se inaugur\u00f3 la \u201cQuinta Semana del Periodismo Hidalgo 2022\u201d. En la inauguraci\u00f3n se guard\u00f3 un minuto de silencio por los cinco periodistas asesinados en lo que va de este a\u00f1o. \u201cNo es una celebraci\u00f3n, es un foro de an\u00e1lisis y reflexi\u00f3n&#8221;, [&hellip;]<\/p>\n","protected":false},"author":101,"featured_media":204576,"comment_status":"closed","ping_status":"closed","sticky":false,"template":"","format":"standard","meta":{"footnotes":""},"categories":[15,59,2159],"tags":[],"class_list":["post-204575","post","type-post","status-publish","format-standard","has-post-thumbnail","hentry","category-destacadas","category-general","category-noticias-de-hidalgo"],"_links":{"self":[{"href":"https:\/\/plazajuarez.mx\/historico\/wp-json\/wp\/v2\/posts\/204575","targetHints":{"allow":["GET"]}}],"collection":[{"href":"https:\/\/plazajuarez.mx\/historico\/wp-json\/wp\/v2\/posts"}],"about":[{"href":"https:\/\/plazajuarez.mx\/historico\/wp-json\/wp\/v2\/types\/post"}],"author":[{"embeddable":true,"href":"https:\/\/plazajuarez.mx\/historico\/wp-json\/wp\/v2\/users\/101"}],"replies":[{"embeddable":true,"href":"https:\/\/plazajuarez.mx\/historico\/wp-json\/wp\/v2\/comments?post=204575"}],"version-history":[{"count":0,"href":"https:\/\/plazajuarez.mx\/historico\/wp-json\/wp\/v2\/posts\/204575\/revisions"}],"wp:featuredmedia":[{"embeddable":true,"href":"https:\/\/plazajuarez.mx\/historico\/wp-json\/wp\/v2\/media\/204576"}],"wp:attachment":[{"href":"https:\/\/plazajuarez.mx\/historico\/wp-json\/wp\/v2\/media?parent=204575"}],"wp:term":[{"taxonomy":"category","embeddable":true,"href":"https:\/\/plazajuarez.mx\/historico\/wp-json\/wp\/v2\/categories?post=204575"},{"taxonomy":"post_tag","embeddable":true,"href":"https:\/\/plazajuarez.mx\/historico\/wp-json\/wp\/v2\/tags?post=204575"}],"curies":[{"name":"wp","href":"https:\/\/api.w.org\/{rel}","templated":true}]}}