{"id":20412,"date":"2016-04-28T14:40:11","date_gmt":"2016-04-28T14:40:11","guid":{"rendered":"http:\/\/plazajuarez.mx\/index\/index.php\/2016\/04\/28\/presenta-candidato-panista-a-la-alcaldia-su-propuesta-de-campana\/"},"modified":"2016-04-28T14:40:11","modified_gmt":"2016-04-28T14:40:11","slug":"presenta-candidato-panista-a-la-alcaldia-su-propuesta-de-campana","status":"publish","type":"post","link":"https:\/\/plazajuarez.mx\/historico\/presenta-candidato-panista-a-la-alcaldia-su-propuesta-de-campana\/","title":{"rendered":"Presenta candidato panista a la Alcald\u00eda su propuesta de campa\u00f1a"},"content":{"rendered":"<p>Jes\u00fas Medina Mart\u00ednez, candidato a presidente municipal de Tula del Partido Acci\u00f3n Nacional, en conferencia de prensa present\u00f3 su propuesta de campa\u00f1a misma que dijo est\u00e1 basada en el plan de desarrollo municipal y en la que contempla\u00a0 seguridad p\u00fablica, salud, educaci\u00f3n, fortalecimiento al campo, prosperidad, transparencia, rendici\u00f3n de cuentas, igualdad y cultura y deporte.<\/p>\n<p>  <!--more-->  <\/p>\n<p>\u00a0<\/p>\n<p>\u00a0<\/p>\n<p>Acompa\u00f1ado de su suplente Juan Manuel Salgado Alcaraz y la candidata a s\u00edndico Lizet Arteaga, reiter\u00f3 que no es un hombre de discursos, sino de resultados y que su deseo de gobernar el municipio de Tula, obedece a que conoce la problem\u00e1tica de las comunidades y colonias y que por eso su propuesta la ha basado en ocho ejes rectores.<\/p>\n<p>\u00a0<\/p>\n<p>Chucho Medina como es mejor conocido dio a conocer que cuenta con 43 a\u00f1os y que es t\u00e9cnico en dise\u00f1o arquitect\u00f3nico e industrial y que al laborar durante 25 a\u00f1os como trabajador municipal le ha permitido mantener una estrecha comunicaci\u00f3n con la ciudadan\u00eda.<\/p>\n<p>\u00a0<\/p>\n<p>Dijo que uno de los mayores reclamos de la poblaci\u00f3n ha sido la exigencia de mejorar la seguridad en las colonias y comunidades, la generaci\u00f3n de empleo para las mujeres y los j\u00f3venes, y que particularmente por la situaci\u00f3n que se viven en la actual administraci\u00f3n la gente exige transparencia en el manejo de los recursos p\u00fablicos.<\/p>\n<p>\u00a0<\/p>\n<p>Asegur\u00f3 que en los primeros d\u00edas de campa\u00f1a ha recibido el respaldo del electorado, al considerar que junto con los integrantes de su planillas son gente nueva en la pol\u00edtica, sumado a que es identificado como gente de trabajo y compromisos ya que as\u00ed lo ha demostrado como secretario general del Sindicato de Trabajadores al Servicio del Municipio de Tula, como titular de la Federaci\u00f3n \u00danica de Sindicatos Municipales el Estado de Hidalgo y como coordinador general de la Federaci\u00f3n Nacional de la zona centro del pa\u00eds.<\/p>\n<p>\u00a0<\/p>\n<p>Medina Mart\u00ednez neg\u00f3 que se est\u00e9 obligando a sus compa\u00f1eros trabajadores a apoyarlo\u00a0 y asegur\u00f3 que como empleados municipales con libres de emitir su voto por quienes ellos consideren y que en todo momento en la organizaci\u00f3n sindical se ha dejado claro la institucionalidad.<\/p>\n<p>\u00a0<\/p>\n<p>El aspirante a edil coment\u00f3 que el 5 de abril emiti\u00f3 un escrito en el que solicit\u00f3 licencia laboral y que le fue aprobada, para dedicarse a emprender una campa\u00f1a austera, pero de acercamiento con la ciudadan\u00eda con quien busca comprometerse para que juntos sociedad y gobierno logren un mejor Tula.<\/p>\n<p>\u00a0<\/p>\n<p>Jes\u00fas Medina se dijo apapachado por la gente, al verlo como una gente nueva, gente honesta, pero sobre todo al verlos como la mejor opci\u00f3n de cambio, al representar la honestidad.<\/p>\n<p>Finalmente al abanderado panista se\u00f1al\u00f3 que a los dem\u00e1s contendientes\u00a0 no los ve, como enemigos, sino como aspirantes a gobernar un municipio que est\u00e1 urgente de resultados y que por eso no le interesa emprender una campa\u00f1a de desprestigio.<\/p>\n","protected":false},"excerpt":{"rendered":"<p>Jes\u00fas Medina Mart\u00ednez, candidato a presidente municipal de Tula del Partido Acci\u00f3n Nacional, en conferencia de prensa present\u00f3 su propuesta de campa\u00f1a misma que dijo est\u00e1 basada en el plan de desarrollo municipal y en la que contempla\u00a0 seguridad p\u00fablica, salud, educaci\u00f3n, fortalecimiento al campo, prosperidad, transparencia, rendici\u00f3n de cuentas, igualdad y cultura y deporte.<\/p>\n","protected":false},"author":1,"featured_media":0,"comment_status":"open","ping_status":"open","sticky":false,"template":"","format":"standard","meta":{"footnotes":""},"categories":[40],"tags":[],"class_list":["post-20412","post","type-post","status-publish","format-standard","hentry","category-region"],"_links":{"self":[{"href":"https:\/\/plazajuarez.mx\/historico\/wp-json\/wp\/v2\/posts\/20412","targetHints":{"allow":["GET"]}}],"collection":[{"href":"https:\/\/plazajuarez.mx\/historico\/wp-json\/wp\/v2\/posts"}],"about":[{"href":"https:\/\/plazajuarez.mx\/historico\/wp-json\/wp\/v2\/types\/post"}],"author":[{"embeddable":true,"href":"https:\/\/plazajuarez.mx\/historico\/wp-json\/wp\/v2\/users\/1"}],"replies":[{"embeddable":true,"href":"https:\/\/plazajuarez.mx\/historico\/wp-json\/wp\/v2\/comments?post=20412"}],"version-history":[{"count":0,"href":"https:\/\/plazajuarez.mx\/historico\/wp-json\/wp\/v2\/posts\/20412\/revisions"}],"wp:attachment":[{"href":"https:\/\/plazajuarez.mx\/historico\/wp-json\/wp\/v2\/media?parent=20412"}],"wp:term":[{"taxonomy":"category","embeddable":true,"href":"https:\/\/plazajuarez.mx\/historico\/wp-json\/wp\/v2\/categories?post=20412"},{"taxonomy":"post_tag","embeddable":true,"href":"https:\/\/plazajuarez.mx\/historico\/wp-json\/wp\/v2\/tags?post=20412"}],"curies":[{"name":"wp","href":"https:\/\/api.w.org\/{rel}","templated":true}]}}