{"id":204115,"date":"2022-02-18T08:07:32","date_gmt":"2022-02-18T14:07:32","guid":{"rendered":"https:\/\/plazajuarez.mx\/?p=204115"},"modified":"2022-02-18T08:16:04","modified_gmt":"2022-02-18T14:16:04","slug":"premios-lo-nuestro-la-proxima-semana","status":"publish","type":"post","link":"https:\/\/plazajuarez.mx\/historico\/premios-lo-nuestro-la-proxima-semana\/","title":{"rendered":"\u201cPremios Lo Nuestro\u201d, la pr\u00f3xima semana"},"content":{"rendered":"\n<p>El cantante colombiano Maluma recibir\u00e1 el galard\u00f3n &#8220;\u00eddolo global&#8221; en la gala de los &#8220;Premios Lo Nuestro&#8221;, que tendr\u00e1 lugar en Miami el 24 de febrero y arrancar\u00e1 con un homenaje al fallecido Vicente Fern\u00e1ndez.<\/p>\n\n\n\n<p>Otra novedad incluida en un comunicado difundido este jueves por la organizaci\u00f3n es que el cantante espa\u00f1ol David Bisbal se unir\u00e1 a Alejandra Espinoza, Gabriel Soto y Yuri como presentador de este evento en honor a la m\u00fasica latina que se transmitir\u00e1 en directo por Univision desde el FTX Arena de Miami.<\/p>\n\n\n\n<p>La trig\u00e9simo cuarta edici\u00f3n de estos premios que se conceden por votaci\u00f3n popular sigue dando sorpresas a falta de una semana.<\/p>\n\n\n\n<p>Camilo y Christian Nodal tienen 10 nominaciones cada uno, Maluma ocho, \u00c1ngela Aguilar posee siete y Grupo Firme cuenta con cinco.<\/p>\n","protected":false},"excerpt":{"rendered":"<p>El cantante colombiano Maluma recibir\u00e1 el galard\u00f3n &#8220;\u00eddolo global&#8221; en la gala de los &#8220;Premios Lo Nuestro&#8221;, que tendr\u00e1 lugar en Miami el 24 de febrero y arrancar\u00e1 con un homenaje al fallecido Vicente Fern\u00e1ndez. Otra novedad incluida en un comunicado difundido este jueves por la organizaci\u00f3n es que el cantante espa\u00f1ol David Bisbal se [&hellip;]<\/p>\n","protected":false},"author":80,"featured_media":204117,"comment_status":"closed","ping_status":"closed","sticky":false,"template":"","format":"standard","meta":{"footnotes":""},"categories":[38],"tags":[],"class_list":["post-204115","post","type-post","status-publish","format-standard","has-post-thumbnail","hentry","category-show"],"_links":{"self":[{"href":"https:\/\/plazajuarez.mx\/historico\/wp-json\/wp\/v2\/posts\/204115","targetHints":{"allow":["GET"]}}],"collection":[{"href":"https:\/\/plazajuarez.mx\/historico\/wp-json\/wp\/v2\/posts"}],"about":[{"href":"https:\/\/plazajuarez.mx\/historico\/wp-json\/wp\/v2\/types\/post"}],"author":[{"embeddable":true,"href":"https:\/\/plazajuarez.mx\/historico\/wp-json\/wp\/v2\/users\/80"}],"replies":[{"embeddable":true,"href":"https:\/\/plazajuarez.mx\/historico\/wp-json\/wp\/v2\/comments?post=204115"}],"version-history":[{"count":0,"href":"https:\/\/plazajuarez.mx\/historico\/wp-json\/wp\/v2\/posts\/204115\/revisions"}],"wp:featuredmedia":[{"embeddable":true,"href":"https:\/\/plazajuarez.mx\/historico\/wp-json\/wp\/v2\/media\/204117"}],"wp:attachment":[{"href":"https:\/\/plazajuarez.mx\/historico\/wp-json\/wp\/v2\/media?parent=204115"}],"wp:term":[{"taxonomy":"category","embeddable":true,"href":"https:\/\/plazajuarez.mx\/historico\/wp-json\/wp\/v2\/categories?post=204115"},{"taxonomy":"post_tag","embeddable":true,"href":"https:\/\/plazajuarez.mx\/historico\/wp-json\/wp\/v2\/tags?post=204115"}],"curies":[{"name":"wp","href":"https:\/\/api.w.org\/{rel}","templated":true}]}}