{"id":20411,"date":"2016-04-28T14:38:17","date_gmt":"2016-04-28T14:38:17","guid":{"rendered":"http:\/\/plazajuarez.mx\/index\/index.php\/2016\/04\/28\/jesus-riveros\/"},"modified":"2016-04-28T14:38:17","modified_gmt":"2016-04-28T14:38:17","slug":"jesus-riveros","status":"publish","type":"post","link":"https:\/\/plazajuarez.mx\/historico\/jesus-riveros\/","title":{"rendered":"Joven pareja es hallada sin vida en su domicilio"},"content":{"rendered":"<p><strong>Tulancingo<\/strong><\/p>\n<p><strong>\u00a0<\/strong><\/p>\n<p><strong>Con apenas 16 y 17 a\u00f1os de edad, una pareja de j\u00f3venes que viv\u00eda en uni\u00f3n libre, fue hallada sin vida, en su propio domicilio, sin aparentes huellas de violencia u homicidio.<\/strong><\/p>\n<p>  <!--more-->  <\/p>\n<p>\u00a0<\/p>\n<p>\u00a0<\/p>\n<p>\u00a0<\/p>\n<p>La Direcci\u00f3n de Seguridad P\u00fablica de Tulancingo inform\u00f3 que a eso de las 11 de la noche del mi\u00e9rcoles, recibieron reporte de que en la calle El Moral, esquina con Bugambilias, en la colonia Ampliaci\u00f3n Sur Para\u00edso, dos personas yac\u00edan sin vida al interior de un domicilio.<\/p>\n<p>\u00a0<\/p>\n<p>Al acudir a brindar la atenci\u00f3n se entrevistaron con Aurelio Gonz\u00e1lez Jim\u00e9nez, padre de la menor, quien se\u00f1al\u00f3 que el s\u00e1bado pasado los visit\u00f3 y se encontraban bien.<\/p>\n<p>\u00a0<\/p>\n<p>Quienes en vida llevaban por nombres Jessica Gonz\u00e1lez Amador y Luis \u00c1ngel D\u00edaz Gonz\u00e1lez, fueron localizados recostados sobre una cama, con l\u00edquido hem\u00e1tico en sus rostros, saliendo de sus fosas nasales y boca<\/p>\n<p>\u00a0<\/p>\n<p>Al lugar arribaron param\u00e9dicos de Cruz Roja, quienes confirmaron el deceso de los j\u00f3venes; hicieron referencia que la causa de la muerte pudiera deberse a una posible intoxicaci\u00f3n, ya que no presentaban huellas de violencia; adem\u00e1s, de que ten\u00edan aproximadamente 24 horas de fallecidos.<\/p>\n<p>\u00a0<\/p>\n<p>Tambi\u00e9n al lugar arribaron peritos del Ministerio P\u00fablico para hacer la diligencia correspondiente. Cabe mencionar que en el lugar se aprecia a simple vista restos de comida.<\/p>\n<p>\u00a0<\/p>\n<p>Los j\u00f3venes se dedicaban a la venta de art\u00edculos como algodones de az\u00facar.<\/p>\n<p>\u00a0<\/p>\n<p>Los servicios periciales informaron que realizar\u00e1n las investigaciones pertinentes aunque, a primera instancia, no se descarta que sea una posible asfixia por bronco aspiraci\u00f3n, o intoxicaci\u00f3n, es decir, a\u00fan est\u00e1 por conocerse las causas que provocaron la muerte de ambos jovencitos.<\/p>\n","protected":false},"excerpt":{"rendered":"<p>Tulancingo \u00a0 Con apenas 16 y 17 a\u00f1os de edad, una pareja de j\u00f3venes que viv\u00eda en uni\u00f3n libre, fue hallada sin vida, en su propio domicilio, sin aparentes huellas de violencia u homicidio.<\/p>\n","protected":false},"author":1,"featured_media":0,"comment_status":"open","ping_status":"open","sticky":false,"template":"","format":"standard","meta":{"footnotes":""},"categories":[40],"tags":[],"class_list":["post-20411","post","type-post","status-publish","format-standard","hentry","category-region"],"_links":{"self":[{"href":"https:\/\/plazajuarez.mx\/historico\/wp-json\/wp\/v2\/posts\/20411","targetHints":{"allow":["GET"]}}],"collection":[{"href":"https:\/\/plazajuarez.mx\/historico\/wp-json\/wp\/v2\/posts"}],"about":[{"href":"https:\/\/plazajuarez.mx\/historico\/wp-json\/wp\/v2\/types\/post"}],"author":[{"embeddable":true,"href":"https:\/\/plazajuarez.mx\/historico\/wp-json\/wp\/v2\/users\/1"}],"replies":[{"embeddable":true,"href":"https:\/\/plazajuarez.mx\/historico\/wp-json\/wp\/v2\/comments?post=20411"}],"version-history":[{"count":0,"href":"https:\/\/plazajuarez.mx\/historico\/wp-json\/wp\/v2\/posts\/20411\/revisions"}],"wp:attachment":[{"href":"https:\/\/plazajuarez.mx\/historico\/wp-json\/wp\/v2\/media?parent=20411"}],"wp:term":[{"taxonomy":"category","embeddable":true,"href":"https:\/\/plazajuarez.mx\/historico\/wp-json\/wp\/v2\/categories?post=20411"},{"taxonomy":"post_tag","embeddable":true,"href":"https:\/\/plazajuarez.mx\/historico\/wp-json\/wp\/v2\/tags?post=20411"}],"curies":[{"name":"wp","href":"https:\/\/api.w.org\/{rel}","templated":true}]}}