{"id":204106,"date":"2022-02-18T08:05:19","date_gmt":"2022-02-18T14:05:19","guid":{"rendered":"https:\/\/plazajuarez.mx\/?p=204106"},"modified":"2022-02-18T08:05:30","modified_gmt":"2022-02-18T14:05:30","slug":"la-responsabilidad-es-de-todos-asevera-santiago-solari","status":"publish","type":"post","link":"https:\/\/plazajuarez.mx\/historico\/la-responsabilidad-es-de-todos-asevera-santiago-solari\/","title":{"rendered":"&#8220;La responsabilidad es de todos&#8221;, asevera Santiago Solari"},"content":{"rendered":"\n<p>Esta vez Santiago Solari no sali\u00f3 con la sonrisa que mostr\u00f3 despu\u00e9s de vencer a Santos Laguna. Hoy su expresi\u00f3n fue de molestia y evadiendo preguntas sobre su proyecto al frente del Am\u00e9rica.<\/p>\n\n\n\n<p>El t\u00e9cnico del Am\u00e9rica comparti\u00f3 responsabilidades en este mal inicio del torneo, as\u00ed como lo fue el a\u00f1o pasado cuando se rompieron r\u00e9cords.<\/p>\n\n\n\n<p>&#8220;La responsabilidad es de todos, al igual que cuando uno gana, esto es de conjunto y todos juntos lo tenemos que sacar, cuerpo t\u00e9cnico y jugadores. No hay divisi\u00f3n y eso funciona as\u00ed. El planteamiento no funcion\u00f3 y eso evidentemente es algo en lo que debo poner el foco yo. Nos est\u00e1 costando el inicio del torneo, por suerte el f\u00fatbol da revanchas y la tenemos en tres d\u00edas en casa&#8221;, declar\u00f3 el argentino al t\u00e9rmino de la derrota ante Mazatl\u00e1n FC.<\/p>\n","protected":false},"excerpt":{"rendered":"<p>Esta vez Santiago Solari no sali\u00f3 con la sonrisa que mostr\u00f3 despu\u00e9s de vencer a Santos Laguna. Hoy su expresi\u00f3n fue de molestia y evadiendo preguntas sobre su proyecto al frente del Am\u00e9rica. El t\u00e9cnico del Am\u00e9rica comparti\u00f3 responsabilidades en este mal inicio del torneo, as\u00ed como lo fue el a\u00f1o pasado cuando se rompieron [&hellip;]<\/p>\n","protected":false},"author":81,"featured_media":204112,"comment_status":"closed","ping_status":"closed","sticky":false,"template":"","format":"standard","meta":{"footnotes":""},"categories":[39],"tags":[],"class_list":["post-204106","post","type-post","status-publish","format-standard","has-post-thumbnail","hentry","category-deportiva"],"_links":{"self":[{"href":"https:\/\/plazajuarez.mx\/historico\/wp-json\/wp\/v2\/posts\/204106","targetHints":{"allow":["GET"]}}],"collection":[{"href":"https:\/\/plazajuarez.mx\/historico\/wp-json\/wp\/v2\/posts"}],"about":[{"href":"https:\/\/plazajuarez.mx\/historico\/wp-json\/wp\/v2\/types\/post"}],"author":[{"embeddable":true,"href":"https:\/\/plazajuarez.mx\/historico\/wp-json\/wp\/v2\/users\/81"}],"replies":[{"embeddable":true,"href":"https:\/\/plazajuarez.mx\/historico\/wp-json\/wp\/v2\/comments?post=204106"}],"version-history":[{"count":0,"href":"https:\/\/plazajuarez.mx\/historico\/wp-json\/wp\/v2\/posts\/204106\/revisions"}],"wp:featuredmedia":[{"embeddable":true,"href":"https:\/\/plazajuarez.mx\/historico\/wp-json\/wp\/v2\/media\/204112"}],"wp:attachment":[{"href":"https:\/\/plazajuarez.mx\/historico\/wp-json\/wp\/v2\/media?parent=204106"}],"wp:term":[{"taxonomy":"category","embeddable":true,"href":"https:\/\/plazajuarez.mx\/historico\/wp-json\/wp\/v2\/categories?post=204106"},{"taxonomy":"post_tag","embeddable":true,"href":"https:\/\/plazajuarez.mx\/historico\/wp-json\/wp\/v2\/tags?post=204106"}],"curies":[{"name":"wp","href":"https:\/\/api.w.org\/{rel}","templated":true}]}}