{"id":20403,"date":"2016-04-28T11:50:31","date_gmt":"2016-04-28T11:50:31","guid":{"rendered":"http:\/\/plazajuarez.mx\/index\/index.php\/2016\/04\/28\/la-otra-cara-de-anaya-en-oaxaca\/"},"modified":"2016-04-28T11:50:31","modified_gmt":"2016-04-28T11:50:31","slug":"la-otra-cara-de-anaya-en-oaxaca","status":"publish","type":"post","link":"https:\/\/plazajuarez.mx\/historico\/la-otra-cara-de-anaya-en-oaxaca\/","title":{"rendered":"La otra cara de Anaya en Oaxaca"},"content":{"rendered":"<p>Bajo Reserva Expr\u00e9s<\/p>\n<p>  <!--more-->  <\/p>\n<p>\u00a0<\/p>\n<p>El presidente nacional del PAN, Ricardo Anaya, fue recibido con gritos de &#8220;l\u00e1rgate de Oaxaca&#8221; a su llegada esta ma\u00f1ana al aeropuerto local.<\/p>\n<p>Pero nos cuentan en el entorno del panista que s\u00f3lo eran dos personas las que portaban las mantas y gritaban improperios.<\/p>\n<p>Incluso, aseguran que la gira ha sido todo un \u00e9xito y que el mejor ejemplo de ello es Zimatl\u00e1n, donde en lugar de gritos en contra escuch\u00f3 respaldo.<\/p>\n<p>El balance de Anaya es positivo, a tal grado que cuentan que en una reuni\u00f3n con todos los candidatos, una diputada dijo que \u00e9l deb\u00eda ser candidato en 2018 y el aplauso fue nutrido.<\/p>\n<p>\u00a0<\/p>\n","protected":false},"excerpt":{"rendered":"<p>Bajo Reserva Expr\u00e9s<\/p>\n","protected":false},"author":93,"featured_media":0,"comment_status":"open","ping_status":"open","sticky":false,"template":"","format":"standard","meta":{"footnotes":""},"categories":[42],"tags":[],"class_list":["post-20403","post","type-post","status-publish","format-standard","hentry","category-nuestrapalabra"],"_links":{"self":[{"href":"https:\/\/plazajuarez.mx\/historico\/wp-json\/wp\/v2\/posts\/20403","targetHints":{"allow":["GET"]}}],"collection":[{"href":"https:\/\/plazajuarez.mx\/historico\/wp-json\/wp\/v2\/posts"}],"about":[{"href":"https:\/\/plazajuarez.mx\/historico\/wp-json\/wp\/v2\/types\/post"}],"author":[{"embeddable":true,"href":"https:\/\/plazajuarez.mx\/historico\/wp-json\/wp\/v2\/users\/93"}],"replies":[{"embeddable":true,"href":"https:\/\/plazajuarez.mx\/historico\/wp-json\/wp\/v2\/comments?post=20403"}],"version-history":[{"count":0,"href":"https:\/\/plazajuarez.mx\/historico\/wp-json\/wp\/v2\/posts\/20403\/revisions"}],"wp:attachment":[{"href":"https:\/\/plazajuarez.mx\/historico\/wp-json\/wp\/v2\/media?parent=20403"}],"wp:term":[{"taxonomy":"category","embeddable":true,"href":"https:\/\/plazajuarez.mx\/historico\/wp-json\/wp\/v2\/categories?post=20403"},{"taxonomy":"post_tag","embeddable":true,"href":"https:\/\/plazajuarez.mx\/historico\/wp-json\/wp\/v2\/tags?post=20403"}],"curies":[{"name":"wp","href":"https:\/\/api.w.org\/{rel}","templated":true}]}}