{"id":203894,"date":"2022-02-17T07:00:13","date_gmt":"2022-02-17T13:00:13","guid":{"rendered":"https:\/\/plazajuarez.mx\/?p=203894"},"modified":"2022-02-17T07:00:24","modified_gmt":"2022-02-17T13:00:24","slug":"alfil-negro-2262","status":"publish","type":"post","link":"https:\/\/plazajuarez.mx\/historico\/alfil-negro-2262\/","title":{"rendered":"ALFIL NEGRO"},"content":{"rendered":"\n<h2 class=\"wp-block-heading\" id=\"que-diablos-pasa\">\u00bfQU\u00c9 DIABLOS PASA?<\/h2>\n\n\n\n<p>Estamos en momentos de confusi\u00f3n ,entendidos como la falta de elementos para pensar de manera clara por&nbsp; una desorientaci\u00f3n de la realidad, en que se dan hechos y acciones que impiden ver con certeza lo que sucede y tener una explicaci\u00f3n contundente que le d\u00e9 car\u00e1cter de ser algo con bases y fundamentos que respalden estos hechos y se logre la tranquilidad personal y social.<\/p>\n\n\n\n<p>Pero se dan hechos a nivel nacional y local que deben ser aclarados por los que los provocan, porque cuando no se tienen elementos de juicio que los expliquen, cada quien se los explica de acuerdo a su real entender, aumentando la confusi\u00f3n porque muchas veces se lleva agua a los molinos particulares.<\/p>\n\n\n\n<p>A nivel nacional el ambiente est\u00e1 enrarecido por hechos como el caso del hijo del Presidente, con reacciones dif\u00edciles de entender por el tama\u00f1o en que ha escalado el enfrentamiento, y ni se diga la batalla permanente entre liberales y conservadores que lo \u00fanico que ha logrado es dividir fuertemente a la sociedad.<\/p>\n\n\n\n<p>Queremos suponer que todos quieren el bien del pa\u00eds y que se act\u00faa de buena fe, pero lo que se ve y siente es que m\u00e1s bien se defienden capitales de poder.<\/p>\n\n\n\n<p>Despu\u00e9s viene el escenario de peleas por el poder entre partidos pol\u00edticos, y decisiones que lesionan seriamente la estabilidad&nbsp; nacional con acciones en que una mayor\u00eda sumisa, como ha sido tradicional se doblegan a caprichos de poder.<\/p>\n\n\n\n<p>Todo esto crea confusi\u00f3n y frena avances y logros para bien de M\u00e9xico.<\/p>\n\n\n\n<p>Vivimos tiempos confusos donde es notoria la lucha abierta entre prensa y poder.<\/p>\n\n\n\n<p>En el estado tambi\u00e9n hechos que crean confusi\u00f3n ,como la lucha de la gubernatura, con partidos como el PRI donde el enfrentamiento por la candidatura dej\u00f3 claro que hubo una imposici\u00f3n desde fuera y un da\u00f1o fuerte a la unidad cl\u00e1sica del partido tricolor, que ahora se busca componer con acciones de \u00faltima hora.<\/p>\n\n\n\n<p>Sin embargo, esta unidad que mucho tiene en la base la lucha por conveniencia, crea dudas serias sobre la victoria.<\/p>\n\n\n\n<p>En Morena, donde los resentidos mantienen, algunos de ellos, labor subterr\u00e1nea para lesionar la apuesta por Menchaca, es otro escenario de dudas y traiciones.&nbsp;<\/p>\n\n\n\n<p>S\u00famele a esto que estamos en los \u00faltimos meses del gobierno&nbsp; donde m\u00e1s de uno lo que busca es salvar un modo de vida que se ve en peligro por el cambio de poderes.<\/p>\n\n\n\n<p>Hay confusi\u00f3n sin duda.<\/p>\n\n\n\n<p>Incertidumbre y falta de claridad es lo que se tiene.<\/p>\n\n\n\n<p>Oscuridad para tener certeza de camino.<\/p>\n\n\n\n<p>Que alguien prenda la luz.<\/p>\n\n\n\n<p>Urge.<\/p>\n","protected":false},"excerpt":{"rendered":"<p>\u00bfQU\u00c9 DIABLOS PASA? Estamos en momentos de confusi\u00f3n ,entendidos como la falta de elementos para pensar de manera clara por&nbsp; una desorientaci\u00f3n de la realidad, en que se dan hechos y acciones que impiden ver con certeza lo que sucede y tener una explicaci\u00f3n contundente que le d\u00e9 car\u00e1cter de ser algo con bases y [&hellip;]<\/p>\n","protected":false},"author":83,"featured_media":0,"comment_status":"closed","ping_status":"closed","sticky":false,"template":"","format":"standard","meta":{"footnotes":""},"categories":[48,42],"tags":[],"class_list":["post-203894","post","type-post","status-publish","format-standard","hentry","category-adalberto-peralta","category-nuestrapalabra"],"_links":{"self":[{"href":"https:\/\/plazajuarez.mx\/historico\/wp-json\/wp\/v2\/posts\/203894","targetHints":{"allow":["GET"]}}],"collection":[{"href":"https:\/\/plazajuarez.mx\/historico\/wp-json\/wp\/v2\/posts"}],"about":[{"href":"https:\/\/plazajuarez.mx\/historico\/wp-json\/wp\/v2\/types\/post"}],"author":[{"embeddable":true,"href":"https:\/\/plazajuarez.mx\/historico\/wp-json\/wp\/v2\/users\/83"}],"replies":[{"embeddable":true,"href":"https:\/\/plazajuarez.mx\/historico\/wp-json\/wp\/v2\/comments?post=203894"}],"version-history":[{"count":0,"href":"https:\/\/plazajuarez.mx\/historico\/wp-json\/wp\/v2\/posts\/203894\/revisions"}],"wp:attachment":[{"href":"https:\/\/plazajuarez.mx\/historico\/wp-json\/wp\/v2\/media?parent=203894"}],"wp:term":[{"taxonomy":"category","embeddable":true,"href":"https:\/\/plazajuarez.mx\/historico\/wp-json\/wp\/v2\/categories?post=203894"},{"taxonomy":"post_tag","embeddable":true,"href":"https:\/\/plazajuarez.mx\/historico\/wp-json\/wp\/v2\/tags?post=203894"}],"curies":[{"name":"wp","href":"https:\/\/api.w.org\/{rel}","templated":true}]}}