{"id":203820,"date":"2022-02-16T11:09:11","date_gmt":"2022-02-16T17:09:11","guid":{"rendered":"https:\/\/plazajuarez.mx\/?p=203820"},"modified":"2022-02-16T11:09:26","modified_gmt":"2022-02-16T17:09:26","slug":"lopez_obrador-2","status":"publish","type":"post","link":"https:\/\/plazajuarez.mx\/historico\/lopez_obrador-2\/","title":{"rendered":"L\u00f3pez Obrador atribuye a la prensa el auge de la ultraderecha en Espa\u00f1a"},"content":{"rendered":"\n<p>El presidente de M\u00e9xico, Andr\u00e9s Manuel L\u00f3pez Obrador, atribuy\u00f3 este mi\u00e9rcoles a los medios de comunicaci\u00f3n en Espa\u00f1a el auge de la &#8220;ultraderecha&#8221; en las \u00faltimas elecciones en el pa\u00eds, que se llevaron a cabo en la comunidad de Castilla y Le\u00f3n.<\/p>\n\n\n\n<p>&#8220;Acaba de haber elecciones por ejemplo en Espa\u00f1a y los medios fueron decisivos para que ganara la ultraderecha&#8221;, asegur\u00f3 L\u00f3pez Obrador.<\/p>\n\n\n\n<p>El presidente hizo esta afirmaci\u00f3n mientras hablaba de la importancia de las elecciones sin &#8220;fraudes&#8221; en M\u00e9xico, asegurando que con anterioridad muchos medios de comunicaci\u00f3n no fueron objetivos y apoyaron la &#8220;guerra sucia&#8221; y las &#8220;mentiras&#8221; en su pa\u00eds.<\/p>\n\n\n\n<p>&#8220;Pero en nuestro pa\u00eds afortunadamente a\u00fan con todo esto de la compra de &#8216;bots&#8217; en redes sociales ya tenemos forma de replicar, y antes no hab\u00eda posibilidad&#8221;, subray\u00f3.<\/p>\n\n\n\n<p>Este fin de semana se celebraron elecciones en la regi\u00f3n espa\u00f1ola de Castilla y Le\u00f3n.<\/p>\n\n\n\n<p>El conservador Partido Popular (PP) gan\u00f3 los comicios con 31 esca\u00f1os pero el ultraderechista Vox, con 13 representantes, ser\u00e1 determinante para que el PP pueda gobernar.<\/p>\n\n\n\n<p>Los esca\u00f1os cosechados por Vox han sido interpretados como un triunfo para el partido y un reforzamiento de la ultraderecha, cada vez menos minoritaria, en el pa\u00eds.<\/p>\n\n\n\n<p>En septiembre del pasado a\u00f1o, el apoyo de un grupo de legisladores a una iniciativa anticomunista del l\u00edder del partido espa\u00f1ol de ultraderecha Vox, Santiago Abascal, gener\u00f3 un tsunami pol\u00edtico dentro del conservador Partido Acci\u00f3n Nacional (PAN) que aprovech\u00f3 el presidente Andr\u00e9s Manuel L\u00f3pez Obrador para debilitar a la oposici\u00f3n.<\/p>\n\n\n\n<p>L\u00f3pez Obrador, que critica pr\u00e1cticamente a diario los medios de comunicaci\u00f3n, ha convertido a Espa\u00f1a en blanco de sus ataques y comentarios desde que lleg\u00f3 al poder en diciembre de 2018.<\/p>\n\n\n\n<p>Apenas la semana pasada L\u00f3pez Obrador habl\u00f3 de &#8220;pausar&#8221; la relaci\u00f3n con Espa\u00f1a, aunque luego aclar\u00f3 que no se trataba de una &#8220;ruptura&#8221; sino de un an\u00e1lisis del papel de las empresas espa\u00f1olas y el &#8220;influyentismo&#8221; (influir para dar concesiones o privilegios) ejercido en administraciones pasadas.<\/p>\n","protected":false},"excerpt":{"rendered":"<p>El presidente de M\u00e9xico, Andr\u00e9s Manuel L\u00f3pez Obrador, atribuy\u00f3 este mi\u00e9rcoles a los medios de comunicaci\u00f3n en Espa\u00f1a el auge de la &#8220;ultraderecha&#8221; en las \u00faltimas elecciones en el pa\u00eds, que se llevaron a cabo en la comunidad de Castilla y Le\u00f3n. &#8220;Acaba de haber elecciones por ejemplo en Espa\u00f1a y los medios fueron decisivos [&hellip;]<\/p>\n","protected":false},"author":80,"featured_media":203823,"comment_status":"closed","ping_status":"closed","sticky":false,"template":"","format":"standard","meta":{"footnotes":""},"categories":[15,36],"tags":[],"class_list":["post-203820","post","type-post","status-publish","format-standard","has-post-thumbnail","hentry","category-destacadas","category-nacion"],"_links":{"self":[{"href":"https:\/\/plazajuarez.mx\/historico\/wp-json\/wp\/v2\/posts\/203820","targetHints":{"allow":["GET"]}}],"collection":[{"href":"https:\/\/plazajuarez.mx\/historico\/wp-json\/wp\/v2\/posts"}],"about":[{"href":"https:\/\/plazajuarez.mx\/historico\/wp-json\/wp\/v2\/types\/post"}],"author":[{"embeddable":true,"href":"https:\/\/plazajuarez.mx\/historico\/wp-json\/wp\/v2\/users\/80"}],"replies":[{"embeddable":true,"href":"https:\/\/plazajuarez.mx\/historico\/wp-json\/wp\/v2\/comments?post=203820"}],"version-history":[{"count":0,"href":"https:\/\/plazajuarez.mx\/historico\/wp-json\/wp\/v2\/posts\/203820\/revisions"}],"wp:featuredmedia":[{"embeddable":true,"href":"https:\/\/plazajuarez.mx\/historico\/wp-json\/wp\/v2\/media\/203823"}],"wp:attachment":[{"href":"https:\/\/plazajuarez.mx\/historico\/wp-json\/wp\/v2\/media?parent=203820"}],"wp:term":[{"taxonomy":"category","embeddable":true,"href":"https:\/\/plazajuarez.mx\/historico\/wp-json\/wp\/v2\/categories?post=203820"},{"taxonomy":"post_tag","embeddable":true,"href":"https:\/\/plazajuarez.mx\/historico\/wp-json\/wp\/v2\/tags?post=203820"}],"curies":[{"name":"wp","href":"https:\/\/api.w.org\/{rel}","templated":true}]}}