{"id":203807,"date":"2022-02-16T10:50:15","date_gmt":"2022-02-16T16:50:15","guid":{"rendered":"https:\/\/plazajuarez.mx\/?p=203807"},"modified":"2022-02-16T10:50:21","modified_gmt":"2022-02-16T16:50:21","slug":"jaime-camil-afrontare-sin-miedos-mi-papel","status":"publish","type":"post","link":"https:\/\/plazajuarez.mx\/historico\/jaime-camil-afrontare-sin-miedos-mi-papel\/","title":{"rendered":"Jaime Camil: &#8220;afrontar\u00e9\u00a0sin miedos mi papel&#8221;"},"content":{"rendered":"\n<p>El actor Jaime Camil no est\u00e1 dispuesto a que los &#8220;miedos&#8221; y las &#8220;dudas&#8221; se apoderen de \u00e9l durante el rodaje de la serie que Netflix prepara sobre la vida de Vicente Fern\u00e1ndez, tan solo dos meses despu\u00e9s de su muerte.<\/p>\n\n\n\n<p>&#8220;Es un proyecto que tienes que afrontar con respeto y preparaci\u00f3n, pero no puedes dejar que el fantasma de tu mente saque esas dudas y miedos, porque entonces lo haces mal. Tienes que hacerlo con responsabilidad y honor&#8221;, asegur\u00f3 el actor en una entrevista con Efe.<\/p>\n\n\n\n<p>Camil, uno de los actores mexicanos m\u00e1s reconocidos en Hollywood, acaba de estrenar en la plataforma HBO Max su \u00faltima pel\u00edcula, &#8220;KIMI&#8221;, un proyecto dirigido por Steven Soderbergh.<\/p>\n","protected":false},"excerpt":{"rendered":"<p>El actor Jaime Camil no est\u00e1 dispuesto a que los &#8220;miedos&#8221; y las &#8220;dudas&#8221; se apoderen de \u00e9l durante el rodaje de la serie que Netflix prepara sobre la vida de Vicente Fern\u00e1ndez, tan solo dos meses despu\u00e9s de su muerte. &#8220;Es un proyecto que tienes que afrontar con respeto y preparaci\u00f3n, pero no puedes [&hellip;]<\/p>\n","protected":false},"author":80,"featured_media":184550,"comment_status":"closed","ping_status":"closed","sticky":false,"template":"","format":"standard","meta":{"footnotes":""},"categories":[38],"tags":[],"class_list":["post-203807","post","type-post","status-publish","format-standard","has-post-thumbnail","hentry","category-show"],"_links":{"self":[{"href":"https:\/\/plazajuarez.mx\/historico\/wp-json\/wp\/v2\/posts\/203807","targetHints":{"allow":["GET"]}}],"collection":[{"href":"https:\/\/plazajuarez.mx\/historico\/wp-json\/wp\/v2\/posts"}],"about":[{"href":"https:\/\/plazajuarez.mx\/historico\/wp-json\/wp\/v2\/types\/post"}],"author":[{"embeddable":true,"href":"https:\/\/plazajuarez.mx\/historico\/wp-json\/wp\/v2\/users\/80"}],"replies":[{"embeddable":true,"href":"https:\/\/plazajuarez.mx\/historico\/wp-json\/wp\/v2\/comments?post=203807"}],"version-history":[{"count":0,"href":"https:\/\/plazajuarez.mx\/historico\/wp-json\/wp\/v2\/posts\/203807\/revisions"}],"wp:featuredmedia":[{"embeddable":true,"href":"https:\/\/plazajuarez.mx\/historico\/wp-json\/wp\/v2\/media\/184550"}],"wp:attachment":[{"href":"https:\/\/plazajuarez.mx\/historico\/wp-json\/wp\/v2\/media?parent=203807"}],"wp:term":[{"taxonomy":"category","embeddable":true,"href":"https:\/\/plazajuarez.mx\/historico\/wp-json\/wp\/v2\/categories?post=203807"},{"taxonomy":"post_tag","embeddable":true,"href":"https:\/\/plazajuarez.mx\/historico\/wp-json\/wp\/v2\/tags?post=203807"}],"curies":[{"name":"wp","href":"https:\/\/api.w.org\/{rel}","templated":true}]}}