{"id":203327,"date":"2022-02-14T07:31:47","date_gmt":"2022-02-14T13:31:47","guid":{"rendered":"https:\/\/plazajuarez.mx\/?p=203327"},"modified":"2022-02-14T07:32:00","modified_gmt":"2022-02-14T13:32:00","slug":"familiares-claman-por-justicia","status":"publish","type":"post","link":"https:\/\/plazajuarez.mx\/historico\/familiares-claman-por-justicia\/","title":{"rendered":"Familiares claman por justicia\u00a0"},"content":{"rendered":"\n<p><strong>HUEJUTLA<\/strong>.- A tres a\u00f1os de la muerte de la Joven Itzel Yaquelin Bautista Ramos, sus familiares exigen justicia, pues hasta el momento no hay personas detenidas por su homicidio. Ella era viuda, ten\u00eda 22 a\u00f1os cuando fue asesinada con un balazo en la cabeza, la ma\u00f1ana del pasado 19 de julio del 2019 cuando se dirig\u00eda a su trabajo.<\/p>\n\n\n\n<p>Por lo cual, sus familiares Elpidio Hern\u00e1ndez y su madre Rebeca Ramos solicitan la agilizaci\u00f3n de las investigaciones y que los responsables de este cruel acto sean detenidos, por lo que extendieron el llamado a los tres \u00f3rdenes de gobierno.&nbsp;<\/p>\n\n\n\n<p>La joven se dedicaba a trabajar para mantener a su hijo&nbsp; y desempe\u00f1aba labores de limpieza en un domicilio en la Colonia \u201cTodos por Hidalgo\u201d.<\/p>\n","protected":false},"excerpt":{"rendered":"<p>HUEJUTLA.- A tres a\u00f1os de la muerte de la Joven Itzel Yaquelin Bautista Ramos, sus familiares exigen justicia, pues hasta el momento no hay personas detenidas por su homicidio. Ella era viuda, ten\u00eda 22 a\u00f1os cuando fue asesinada con un balazo en la cabeza, la ma\u00f1ana del pasado 19 de julio del 2019 cuando se [&hellip;]<\/p>\n","protected":false},"author":76,"featured_media":203328,"comment_status":"closed","ping_status":"closed","sticky":false,"template":"","format":"standard","meta":{"footnotes":""},"categories":[2159,40],"tags":[],"class_list":["post-203327","post","type-post","status-publish","format-standard","has-post-thumbnail","hentry","category-noticias-de-hidalgo","category-region"],"_links":{"self":[{"href":"https:\/\/plazajuarez.mx\/historico\/wp-json\/wp\/v2\/posts\/203327","targetHints":{"allow":["GET"]}}],"collection":[{"href":"https:\/\/plazajuarez.mx\/historico\/wp-json\/wp\/v2\/posts"}],"about":[{"href":"https:\/\/plazajuarez.mx\/historico\/wp-json\/wp\/v2\/types\/post"}],"author":[{"embeddable":true,"href":"https:\/\/plazajuarez.mx\/historico\/wp-json\/wp\/v2\/users\/76"}],"replies":[{"embeddable":true,"href":"https:\/\/plazajuarez.mx\/historico\/wp-json\/wp\/v2\/comments?post=203327"}],"version-history":[{"count":0,"href":"https:\/\/plazajuarez.mx\/historico\/wp-json\/wp\/v2\/posts\/203327\/revisions"}],"wp:featuredmedia":[{"embeddable":true,"href":"https:\/\/plazajuarez.mx\/historico\/wp-json\/wp\/v2\/media\/203328"}],"wp:attachment":[{"href":"https:\/\/plazajuarez.mx\/historico\/wp-json\/wp\/v2\/media?parent=203327"}],"wp:term":[{"taxonomy":"category","embeddable":true,"href":"https:\/\/plazajuarez.mx\/historico\/wp-json\/wp\/v2\/categories?post=203327"},{"taxonomy":"post_tag","embeddable":true,"href":"https:\/\/plazajuarez.mx\/historico\/wp-json\/wp\/v2\/tags?post=203327"}],"curies":[{"name":"wp","href":"https:\/\/api.w.org\/{rel}","templated":true}]}}