{"id":203323,"date":"2022-02-14T07:29:54","date_gmt":"2022-02-14T13:29:54","guid":{"rendered":"https:\/\/plazajuarez.mx\/?p=203323"},"modified":"2022-02-14T07:30:11","modified_gmt":"2022-02-14T13:30:11","slug":"no-quieren-hacer-publicas-las-sesiones-de-cabildo","status":"publish","type":"post","link":"https:\/\/plazajuarez.mx\/historico\/no-quieren-hacer-publicas-las-sesiones-de-cabildo\/","title":{"rendered":"No quieren hacer p\u00fablicas las sesiones de cabildo\u00a0"},"content":{"rendered":"\n<p><strong>IXMIQUILPAN<\/strong>.- Desde el mes de noviembre, el regidor de Morena en Ixmiquilpan, Santos Gonz\u00e1lez Alvarado, solicit\u00f3 por escrito a la presidenta municipal, Araceli Beltr\u00e1n Contreras, la transmisi\u00f3n de las sesiones del cabildo en tiempo real, inform\u00f3 que no ha recibido ninguna atenci\u00f3n a su petici\u00f3n.\u00a0<\/p>\n\n\n\n<p>Solicit\u00f3, que a trav\u00e9s de los espacios y plataformas digitales oficiales del gobierno municipal, se transmitan las sesiones del ayuntamiento, para cumplir con el compromiso en materia de transparencia y acceso a la informaci\u00f3n.&nbsp;<\/p>\n\n\n\n<p>Sin embargo, han pasado m\u00e1s de tres meses en que se hizo dicha petici\u00f3n y no solo no se ha cumplido con esta solicitud, sino que incluso no hubo respuesta al documento enviado oficialmente al despacho de la ejecutiva.&nbsp;<\/p>\n\n\n\n<p>Explica en el documento, que la transmisi\u00f3n de las sesiones de cabildo, abonar\u00e1 a informar a la poblaci\u00f3n, pero principalmente, permitir\u00eda que los ciudadanos sean parte de la toma de decisiones en el gobierno.&nbsp;<\/p>\n","protected":false},"excerpt":{"rendered":"<p>IXMIQUILPAN.- Desde el mes de noviembre, el regidor de Morena en Ixmiquilpan, Santos Gonz\u00e1lez Alvarado, solicit\u00f3 por escrito a la presidenta municipal, Araceli Beltr\u00e1n Contreras, la transmisi\u00f3n de las sesiones del cabildo en tiempo real, inform\u00f3 que no ha recibido ninguna atenci\u00f3n a su petici\u00f3n.\u00a0 Solicit\u00f3, que a trav\u00e9s de los espacios y plataformas digitales [&hellip;]<\/p>\n","protected":false},"author":75,"featured_media":203324,"comment_status":"closed","ping_status":"closed","sticky":false,"template":"","format":"standard","meta":{"footnotes":""},"categories":[2159,40],"tags":[],"class_list":["post-203323","post","type-post","status-publish","format-standard","has-post-thumbnail","hentry","category-noticias-de-hidalgo","category-region"],"_links":{"self":[{"href":"https:\/\/plazajuarez.mx\/historico\/wp-json\/wp\/v2\/posts\/203323","targetHints":{"allow":["GET"]}}],"collection":[{"href":"https:\/\/plazajuarez.mx\/historico\/wp-json\/wp\/v2\/posts"}],"about":[{"href":"https:\/\/plazajuarez.mx\/historico\/wp-json\/wp\/v2\/types\/post"}],"author":[{"embeddable":true,"href":"https:\/\/plazajuarez.mx\/historico\/wp-json\/wp\/v2\/users\/75"}],"replies":[{"embeddable":true,"href":"https:\/\/plazajuarez.mx\/historico\/wp-json\/wp\/v2\/comments?post=203323"}],"version-history":[{"count":0,"href":"https:\/\/plazajuarez.mx\/historico\/wp-json\/wp\/v2\/posts\/203323\/revisions"}],"wp:featuredmedia":[{"embeddable":true,"href":"https:\/\/plazajuarez.mx\/historico\/wp-json\/wp\/v2\/media\/203324"}],"wp:attachment":[{"href":"https:\/\/plazajuarez.mx\/historico\/wp-json\/wp\/v2\/media?parent=203323"}],"wp:term":[{"taxonomy":"category","embeddable":true,"href":"https:\/\/plazajuarez.mx\/historico\/wp-json\/wp\/v2\/categories?post=203323"},{"taxonomy":"post_tag","embeddable":true,"href":"https:\/\/plazajuarez.mx\/historico\/wp-json\/wp\/v2\/tags?post=203323"}],"curies":[{"name":"wp","href":"https:\/\/api.w.org\/{rel}","templated":true}]}}