{"id":203306,"date":"2022-02-14T07:18:49","date_gmt":"2022-02-14T13:18:49","guid":{"rendered":"https:\/\/plazajuarez.mx\/?p=203306"},"modified":"2022-02-14T07:20:54","modified_gmt":"2022-02-14T13:20:54","slug":"alistan-foros-para-informar-sobre-la-consulta-de-revocacion-de-mandato","status":"publish","type":"post","link":"https:\/\/plazajuarez.mx\/historico\/alistan-foros-para-informar-sobre-la-consulta-de-revocacion-de-mandato\/","title":{"rendered":"Alistan foros para informar sobre la consulta de revocaci\u00f3n de mandato\u00a0"},"content":{"rendered":"\n<p>Con el objetivo de fomentar una discusi\u00f3n informada e incitar a una reflexi\u00f3n sobre la consulta para la revocaci\u00f3n de mandato entre la poblaci\u00f3n, el Instituto Nacional Electoral (INE) inform\u00f3 que es necesario que se realicen algunos foros a fin de que la poblaci\u00f3n sepa que podr\u00e1 ser part\u00edcipe de este ejercicio en el que ser\u00e1n consultados sobre si quieren o no que el presidente de la rep\u00fablica, Andr\u00e9s Manuel L\u00f3pez Obrador, contin\u00fae en el cargo.&nbsp;<\/p>\n\n\n\n<p>De acuerdo con lo informado por el INE, se realizar\u00e1n dos foros de discusi\u00f3n en el \u00e1mbito nacional el 22 y el 31 de marzo; mientras que en los 32 estados de la rep\u00fablica mexicana se deber\u00e1n realizar ejercicios similares entre el 23 y el 25 de marzo, entre estos deber\u00e1 realizarse el de Hidalgo.&nbsp;<\/p>\n\n\n\n<p>As\u00ed mismo, del 26 de marzo al 1 de abril de este a\u00f1o, se deber\u00e1n realizar los foros distritales que en Hidalgo ser\u00e1n siete, por lo que sumados al estatal en total en la entidad se llevar\u00e1n a cabo ocho ejercicios de este tipo rumbo a la consulta sobre la revocaci\u00f3n de mandato.&nbsp;<\/p>\n\n\n\n<p>De igual forma se ha considerado informar la fecha de cu\u00e1ndo ser\u00e1 la jornada, cu\u00e1l es la pregunta, qu\u00e9 se necesita para participar, qui\u00e9n va a recibir y contar las papeletas, d\u00f3nde participar y todo lo relacionado a la consulta que se llevar\u00e1 a cabo el pr\u00f3ximo 10 de abril.&nbsp;<\/p>\n","protected":false},"excerpt":{"rendered":"<p>Con el objetivo de fomentar una discusi\u00f3n informada e incitar a una reflexi\u00f3n sobre la consulta para la revocaci\u00f3n de mandato entre la poblaci\u00f3n, el Instituto Nacional Electoral (INE) inform\u00f3 que es necesario que se realicen algunos foros a fin de que la poblaci\u00f3n sepa que podr\u00e1 ser part\u00edcipe de este ejercicio en el que [&hellip;]<\/p>\n","protected":false},"author":72,"featured_media":203308,"comment_status":"closed","ping_status":"closed","sticky":false,"template":"","format":"standard","meta":{"footnotes":""},"categories":[59,2159],"tags":[],"class_list":["post-203306","post","type-post","status-publish","format-standard","has-post-thumbnail","hentry","category-general","category-noticias-de-hidalgo"],"_links":{"self":[{"href":"https:\/\/plazajuarez.mx\/historico\/wp-json\/wp\/v2\/posts\/203306","targetHints":{"allow":["GET"]}}],"collection":[{"href":"https:\/\/plazajuarez.mx\/historico\/wp-json\/wp\/v2\/posts"}],"about":[{"href":"https:\/\/plazajuarez.mx\/historico\/wp-json\/wp\/v2\/types\/post"}],"author":[{"embeddable":true,"href":"https:\/\/plazajuarez.mx\/historico\/wp-json\/wp\/v2\/users\/72"}],"replies":[{"embeddable":true,"href":"https:\/\/plazajuarez.mx\/historico\/wp-json\/wp\/v2\/comments?post=203306"}],"version-history":[{"count":0,"href":"https:\/\/plazajuarez.mx\/historico\/wp-json\/wp\/v2\/posts\/203306\/revisions"}],"wp:featuredmedia":[{"embeddable":true,"href":"https:\/\/plazajuarez.mx\/historico\/wp-json\/wp\/v2\/media\/203308"}],"wp:attachment":[{"href":"https:\/\/plazajuarez.mx\/historico\/wp-json\/wp\/v2\/media?parent=203306"}],"wp:term":[{"taxonomy":"category","embeddable":true,"href":"https:\/\/plazajuarez.mx\/historico\/wp-json\/wp\/v2\/categories?post=203306"},{"taxonomy":"post_tag","embeddable":true,"href":"https:\/\/plazajuarez.mx\/historico\/wp-json\/wp\/v2\/tags?post=203306"}],"curies":[{"name":"wp","href":"https:\/\/api.w.org\/{rel}","templated":true}]}}