{"id":203303,"date":"2022-02-14T07:17:16","date_gmt":"2022-02-14T13:17:16","guid":{"rendered":"https:\/\/plazajuarez.mx\/?p=203303"},"modified":"2022-02-14T07:17:29","modified_gmt":"2022-02-14T13:17:29","slug":"institucionalizar-derechos-de-las-mujeres-mision-de-erika-rodriguez","status":"publish","type":"post","link":"https:\/\/plazajuarez.mx\/historico\/institucionalizar-derechos-de-las-mujeres-mision-de-erika-rodriguez\/","title":{"rendered":"INSTITUCIONALIZAR DERECHOS DE LAS MUJERES, MISI\u00d3N DE ERIKA RODR\u00cdGUEZ"},"content":{"rendered":"\n<p><strong>&nbsp;<\/strong>En seguimiento al calendario de sesiones de la Primera Comisi\u00f3n Permanente de Igualdad de G\u00e9nero del Congreso del Estado de Hidalgo,&nbsp;se llev\u00f3 a cabo la reuni\u00f3n de trabajo de manera virtual, que tuvo como asunto principal la participaci\u00f3n de la&nbsp; Directora General del Instituto Hidalguense de las&nbsp;Mujeres, Mar\u00eda Concepci\u00f3n Hern\u00e1ndez Arag\u00f3n , quien expuso el funcionamiento del&nbsp;Instituto y del Sistema Estatal para Prevenir, Atender, Sancionar y Erradicar la Violencia contra las Mujeres.<\/p>\n\n\n\n<p>La diputada Erika Rodr\u00edguez, presidenta de la Comisi\u00f3n , destac\u00f3 la importancia de que las y los diputados locales conozcan &nbsp;detalladamente c\u00f3mo opera el Sistema, la labor que realiza el Instituto Hidalguense de las Mujeres, \u201cpara tomar conciencia de que&nbsp;no puede&nbsp;existir&nbsp;ya una agenda pendiente cuando se trata de garantizar los derechos de las mujeres&nbsp;y que, desde el \u00e1mbito legislativo, se tiene que trabajar para consolidar el marco legal que se ha construido con gran esfuerzo y hacerlo una realidad en la vida diaria&nbsp;de las mujeres hidalguenses\u201d.<\/p>\n","protected":false},"excerpt":{"rendered":"<p>&nbsp;En seguimiento al calendario de sesiones de la Primera Comisi\u00f3n Permanente de Igualdad de G\u00e9nero del Congreso del Estado de Hidalgo,&nbsp;se llev\u00f3 a cabo la reuni\u00f3n de trabajo de manera virtual, que tuvo como asunto principal la participaci\u00f3n de la&nbsp; Directora General del Instituto Hidalguense de las&nbsp;Mujeres, Mar\u00eda Concepci\u00f3n Hern\u00e1ndez Arag\u00f3n , quien expuso el [&hellip;]<\/p>\n","protected":false},"author":93,"featured_media":203304,"comment_status":"closed","ping_status":"closed","sticky":false,"template":"","format":"standard","meta":{"footnotes":""},"categories":[59,2159],"tags":[],"class_list":["post-203303","post","type-post","status-publish","format-standard","has-post-thumbnail","hentry","category-general","category-noticias-de-hidalgo"],"_links":{"self":[{"href":"https:\/\/plazajuarez.mx\/historico\/wp-json\/wp\/v2\/posts\/203303","targetHints":{"allow":["GET"]}}],"collection":[{"href":"https:\/\/plazajuarez.mx\/historico\/wp-json\/wp\/v2\/posts"}],"about":[{"href":"https:\/\/plazajuarez.mx\/historico\/wp-json\/wp\/v2\/types\/post"}],"author":[{"embeddable":true,"href":"https:\/\/plazajuarez.mx\/historico\/wp-json\/wp\/v2\/users\/93"}],"replies":[{"embeddable":true,"href":"https:\/\/plazajuarez.mx\/historico\/wp-json\/wp\/v2\/comments?post=203303"}],"version-history":[{"count":0,"href":"https:\/\/plazajuarez.mx\/historico\/wp-json\/wp\/v2\/posts\/203303\/revisions"}],"wp:featuredmedia":[{"embeddable":true,"href":"https:\/\/plazajuarez.mx\/historico\/wp-json\/wp\/v2\/media\/203304"}],"wp:attachment":[{"href":"https:\/\/plazajuarez.mx\/historico\/wp-json\/wp\/v2\/media?parent=203303"}],"wp:term":[{"taxonomy":"category","embeddable":true,"href":"https:\/\/plazajuarez.mx\/historico\/wp-json\/wp\/v2\/categories?post=203303"},{"taxonomy":"post_tag","embeddable":true,"href":"https:\/\/plazajuarez.mx\/historico\/wp-json\/wp\/v2\/tags?post=203303"}],"curies":[{"name":"wp","href":"https:\/\/api.w.org\/{rel}","templated":true}]}}