{"id":202994,"date":"2022-02-11T11:19:47","date_gmt":"2022-02-11T17:19:47","guid":{"rendered":"https:\/\/plazajuarez.mx\/?p=202994"},"modified":"2022-02-11T11:25:55","modified_gmt":"2022-02-11T17:25:55","slug":"con-datos-inflados-amlo-persigue-a-periodistas","status":"publish","type":"post","link":"https:\/\/plazajuarez.mx\/historico\/con-datos-inflados-amlo-persigue-a-periodistas\/","title":{"rendered":"&#8220;Con datos inflados, AMLO persigue a periodistas&#8221;: Loret de Mola"},"content":{"rendered":"\n<p>En respuesta a los se\u00f1alamientos del presidente Andr\u00e9s Manuel L\u00f3pez Obrador, quien asegur\u00f3 que Carlos Loret de Mola percibe m\u00e1s de 35 millones de pesos anuales, el periodista lo acus\u00f3 de ponerlo en riesgo y de calumniarlo al exhibir datos &#8220;inflados&#8221;.<br><br>Esta ma\u00f1ana, durante su conferencia ma\u00f1anera desde Sonora, el mandatario federal acus\u00f3 a Carlos Loret de Mola de recibir, durante 2021, 35 millones 200 mil pesos, pero no por ser periodista, sino por su labor como &#8220;golpeador&#8221;.<\/p>\n\n\n\n<iframe loading=\"lazy\" width=\"560\" height=\"315\" src=\"https:\/\/www.youtube.com\/embed\/YXt_AwT-v18?start=5932\" title=\"YouTube video player\" frameborder=\"0\" allow=\"accelerometer; autoplay; clipboard-write; encrypted-media; gyroscope; picture-in-picture\" allowfullscreen=\"\"><\/iframe>\n\n\n\n<p>&#8220;\u00bfUstedes creen que es porque se trata de un periodista de altos vuelos? \u00bfMuy inteligente? \u00bfMuy buen escritor? No, es por golpeador&#8221;, acus\u00f3 el presidente.<br><br>Ante los ataques del jefe del Ejecutivo federal, Loret de Mola respondi\u00f3 a trav\u00e9s de su cuenta de Twitter, donde asegur\u00f3 que los montos presentados en la conferencia matutina est\u00e1n &#8220;inflados&#8221; y acus\u00f3 al presidente de ponerlo en riesgo.<br><br>Record\u00f3 que, a diferencia de lo expuesto en la conferencia, donde se asegur\u00f3 que recibi\u00f3 11.8 millones de pesos en 2021 por parte de Televisa, \u00e9l dej\u00f3 de trabajar en esa empresa desde 2019.<br><br>&#8220;\u00a1Qu\u00e9 cosa! Usar los datos de Hacienda para perseguir a un periodista. \u00a1Y adem\u00e1s datos falsos, montos inflados! Dice que en 2021 gan\u00e9 millones en Televisa\u2026 donde dej\u00e9 de trabajar en 2019&#8221;.<br><br>Carlos Loret de Mola acus\u00f3 que los se\u00f1alamientos directos del presidente durante las tres \u00faltimas conferencias matutinas se deben al reportaje que se public\u00f3 en Latinus el pasado 27 de enero, en el que exhibi\u00f3 la casa en la que vivi\u00f3 por un a\u00f1o Jos\u00e9 Ram\u00f3n L\u00f3pez Beltr\u00e1n, el hijo mayor del mandatario, misma que tiene un valor de hasta 19 millones de pesos.<br><br>Por esta raz\u00f3n, acus\u00f3 el periodista, al sentirse &#8220;acorralado&#8221;, el presidente lo calumnia y lo pone en riesgo.<br><br>&#8220;Es grav\u00edsimo. Es un delito. Est\u00e1 fuera de s\u00ed este aspirante a dictador&#8221;, sentenci\u00f3.<\/p>\n\n\n\n<p><strong>AMLO exhibe supuesto sueldo de Carlos Loret de Mola<\/strong><\/p>\n\n\n\n<p>Andr\u00e9s Manuel L\u00f3pez Obrador, exhibi\u00f3 el supuesto sueldo del periodista Carlos Loret de Mola.<br><br>En su conferencia de prensa, el mandatario pidi\u00f3 que Televisa aclare por qu\u00e9 le dieron 11 millones de pesos el a\u00f1o pasado si Loret de Mola ya no trabaja ah\u00ed.<br><br>Adem\u00e1s, el Presidente dijo que pedir\u00e1 informaci\u00f3n &#8220;m\u00e1s a fondo&#8221; de Latinus, empresa de comunicaci\u00f3n donde colabora Carlos Loret de Mola, adem\u00e1s si paga impuestos.<br><br>El presidente de M\u00e9xico declar\u00f3 que Loret de Mola gana 15 veces m\u00e1s que \u00e9l: &#8220;No es un asunto personal, yo estoy bien con mi conciencia, duermo tranquilo, pero represento un proceso de transformaci\u00f3n para acabar con la corrupci\u00f3n en M\u00e9xico&#8221;.<\/p>\n","protected":false},"excerpt":{"rendered":"<p>En respuesta a los se\u00f1alamientos del presidente Andr\u00e9s Manuel L\u00f3pez Obrador, quien asegur\u00f3 que Carlos Loret de Mola percibe m\u00e1s de 35 millones de pesos anuales, el periodista lo acus\u00f3 de ponerlo en riesgo y de calumniarlo al exhibir datos &#8220;inflados&#8221;. Esta ma\u00f1ana, durante su conferencia ma\u00f1anera desde Sonora, el mandatario federal acus\u00f3 a Carlos [&hellip;]<\/p>\n","protected":false},"author":81,"featured_media":202995,"comment_status":"closed","ping_status":"closed","sticky":false,"template":"","format":"standard","meta":{"footnotes":""},"categories":[15,36,2166],"tags":[],"class_list":["post-202994","post","type-post","status-publish","format-standard","has-post-thumbnail","hentry","category-destacadas","category-nacion","category-viral"],"_links":{"self":[{"href":"https:\/\/plazajuarez.mx\/historico\/wp-json\/wp\/v2\/posts\/202994","targetHints":{"allow":["GET"]}}],"collection":[{"href":"https:\/\/plazajuarez.mx\/historico\/wp-json\/wp\/v2\/posts"}],"about":[{"href":"https:\/\/plazajuarez.mx\/historico\/wp-json\/wp\/v2\/types\/post"}],"author":[{"embeddable":true,"href":"https:\/\/plazajuarez.mx\/historico\/wp-json\/wp\/v2\/users\/81"}],"replies":[{"embeddable":true,"href":"https:\/\/plazajuarez.mx\/historico\/wp-json\/wp\/v2\/comments?post=202994"}],"version-history":[{"count":0,"href":"https:\/\/plazajuarez.mx\/historico\/wp-json\/wp\/v2\/posts\/202994\/revisions"}],"wp:featuredmedia":[{"embeddable":true,"href":"https:\/\/plazajuarez.mx\/historico\/wp-json\/wp\/v2\/media\/202995"}],"wp:attachment":[{"href":"https:\/\/plazajuarez.mx\/historico\/wp-json\/wp\/v2\/media?parent=202994"}],"wp:term":[{"taxonomy":"category","embeddable":true,"href":"https:\/\/plazajuarez.mx\/historico\/wp-json\/wp\/v2\/categories?post=202994"},{"taxonomy":"post_tag","embeddable":true,"href":"https:\/\/plazajuarez.mx\/historico\/wp-json\/wp\/v2\/tags?post=202994"}],"curies":[{"name":"wp","href":"https:\/\/api.w.org\/{rel}","templated":true}]}}