{"id":202949,"date":"2022-02-11T07:05:56","date_gmt":"2022-02-11T13:05:56","guid":{"rendered":"https:\/\/plazajuarez.mx\/?p=202949"},"modified":"2022-02-11T07:06:06","modified_gmt":"2022-02-11T13:06:06","slug":"alfil-negro-2258","status":"publish","type":"post","link":"https:\/\/plazajuarez.mx\/historico\/alfil-negro-2258\/","title":{"rendered":"ALFIL NEGRO"},"content":{"rendered":"\n<h2 class=\"wp-block-heading\" id=\"es-una-nina\">\u00a1ES UNA NI\u00d1A! \u00a1ES UN NI\u00d1O!<\/h2>\n\n\n\n<p>No hay momento m\u00e1s hermoso<\/p>\n\n\n\n<p>que cuando nacen los hijos,<\/p>\n\n\n\n<p>y no hay momento m\u00e1s triste<\/p>\n\n\n\n<p>que cuando ellos se marchan.<\/p>\n\n\n\n<p>Y llega hasta&nbsp; la memoria<\/p>\n\n\n\n<p>aquel instante de gloria,<\/p>\n\n\n\n<p>en que una voz nos bendijo:<\/p>\n\n\n\n<p>\u00a1Es una ni\u00f1a, se\u00f1or!<\/p>\n\n\n\n<p>Y la vimos tan hermosa<\/p>\n\n\n\n<p>tan peque\u00f1a y tan gigante,<\/p>\n\n\n\n<p>en ella cab\u00eda la luna<\/p>\n\n\n\n<p>las estrellas y los sue\u00f1os.<\/p>\n\n\n\n<p>Y cantamos al eterno<\/p>\n\n\n\n<p>por el regalo tan tierno<\/p>\n\n\n\n<p>y ensayamos piruetas<\/p>\n\n\n\n<p>payasos llenos&nbsp; de gozo,<\/p>\n\n\n\n<p>sonajas cometas locas<\/p>\n\n\n\n<p>y zapatitos de estambre.<\/p>\n\n\n\n<p>La ni\u00f1a creci\u00f3 tan bella<\/p>\n\n\n\n<p>inteligente y hermosa,<\/p>\n\n\n\n<p>alma de plata muy pura<\/p>\n\n\n\n<p>y coraz\u00f3n de oro y cielo&nbsp;<\/p>\n\n\n\n<p>y nos basta una sonrisa<\/p>\n\n\n\n<p>para creer en la vida,<\/p>\n\n\n\n<p>para ver en cada nube<\/p>\n\n\n\n<p>un adem\u00e1n de la vida<\/p>\n\n\n\n<p>ni\u00f1a hermosa ni\u00f1a bella<\/p>\n\n\n\n<p>camino de sue\u00f1o y cielo.<\/p>\n\n\n\n<p>Y luego pasado el tiempo<\/p>\n\n\n\n<p>nos dijeron con campanas<\/p>\n\n\n\n<p>\u00a1Es un ni\u00f1o&#8230; \u00a1Es un ni\u00f1o!<\/p>\n\n\n\n<p>y lloramos al mirarlo,<\/p>\n\n\n\n<p>&#8220;Tu retrato&#8221; alguien nos dijo,<\/p>\n\n\n\n<p>y con vanidad de padre<\/p>\n\n\n\n<p>vimos que s\u00ed, que era cierto,<\/p>\n\n\n\n<p>que ese ni\u00f1o que llegaba<\/p>\n\n\n\n<p>ten\u00eda ojos parecidos<\/p>\n\n\n\n<p>a nuestros ojos de bosque<\/p>\n\n\n\n<p>y a nuestra alma de milpa,<\/p>\n\n\n\n<p>y nuestros sue\u00f1os dormidos.<\/p>\n\n\n\n<p>Ya&nbsp; cuando el tiempo ha pasado<\/p>\n\n\n\n<p>nos alegra y nos conmueve<\/p>\n\n\n\n<p>ver su esp\u00edritu rebelde,<\/p>\n\n\n\n<p>hombre recio hecho de roca<\/p>\n\n\n\n<p>de verdad como divisa,<\/p>\n\n\n\n<p>y honrada lluvia de junio.<\/p>\n\n\n\n<p>No por algo vino pronto<\/p>\n\n\n\n<p>como presente de vida<\/p>\n\n\n\n<p>cuando su hermano querido<\/p>\n\n\n\n<p>se nos fue ya para siempre.<\/p>\n\n\n\n<p>Y al final canci\u00f3n de cuna,<\/p>\n\n\n\n<p>&#8221; es un ni\u00f1o&#8221; nos dijeron,<\/p>\n\n\n\n<p>mirada de un \u00e1ngel bueno<\/p>\n\n\n\n<p>camino de la ternura<\/p>\n\n\n\n<p>el retrato de su madre<\/p>\n\n\n\n<p>y alegr\u00eda de su hermana,<\/p>\n\n\n\n<p>lo vimos crecer en sue\u00f1os<\/p>\n\n\n\n<p>con un mucho de poeta,<\/p>\n\n\n\n<p>que le exige al universo<\/p>\n\n\n\n<p>que si las mujeres vuelan<\/p>\n\n\n\n<p>una de ellas que le ense\u00f1e<\/p>\n\n\n\n<p>los caminos de las nubes.<\/p>\n\n\n\n<p>Y mientras ellos llegaban<\/p>\n\n\n\n<p>yo ensayaba las canciones<\/p>\n\n\n\n<p>y mis giros de cirquero,<\/p>\n\n\n\n<p>y en&nbsp; una red de niebla<\/p>\n\n\n\n<p>intentaba cada noche<\/p>\n\n\n\n<p>atrapar la luna entera,&nbsp;<\/p>\n\n\n\n<p>y guardarla en ba\u00fal viejo&nbsp;<\/p>\n\n\n\n<p>para cuando ellos llegaran,<\/p>\n\n\n\n<p>y en la noche solitaria<\/p>\n\n\n\n<p>mis canciones viento fresco<\/p>\n\n\n\n<p>plata de minero viejo,<\/p>\n\n\n\n<p>reloj repleto de horas<\/p>\n\n\n\n<p>campanadas para el volo&nbsp;<\/p>\n\n\n\n<p>y dulces para peque\u00f1os.<\/p>\n\n\n\n<p>Los hijos son el camino<\/p>\n\n\n\n<p>que se sigue y no termina,<\/p>\n\n\n\n<p>y un asomo que tiene<\/p>\n\n\n\n<p>adem\u00e1n de eternidades.<\/p>\n","protected":false},"excerpt":{"rendered":"<p>\u00a1ES UNA NI\u00d1A! \u00a1ES UN NI\u00d1O! No hay momento m\u00e1s hermoso que cuando nacen los hijos, y no hay momento m\u00e1s triste que cuando ellos se marchan. Y llega hasta&nbsp; la memoria aquel instante de gloria, en que una voz nos bendijo: \u00a1Es una ni\u00f1a, se\u00f1or! Y la vimos tan hermosa tan peque\u00f1a y tan [&hellip;]<\/p>\n","protected":false},"author":83,"featured_media":0,"comment_status":"closed","ping_status":"closed","sticky":false,"template":"","format":"standard","meta":{"footnotes":""},"categories":[48,42],"tags":[],"class_list":["post-202949","post","type-post","status-publish","format-standard","hentry","category-adalberto-peralta","category-nuestrapalabra"],"_links":{"self":[{"href":"https:\/\/plazajuarez.mx\/historico\/wp-json\/wp\/v2\/posts\/202949","targetHints":{"allow":["GET"]}}],"collection":[{"href":"https:\/\/plazajuarez.mx\/historico\/wp-json\/wp\/v2\/posts"}],"about":[{"href":"https:\/\/plazajuarez.mx\/historico\/wp-json\/wp\/v2\/types\/post"}],"author":[{"embeddable":true,"href":"https:\/\/plazajuarez.mx\/historico\/wp-json\/wp\/v2\/users\/83"}],"replies":[{"embeddable":true,"href":"https:\/\/plazajuarez.mx\/historico\/wp-json\/wp\/v2\/comments?post=202949"}],"version-history":[{"count":0,"href":"https:\/\/plazajuarez.mx\/historico\/wp-json\/wp\/v2\/posts\/202949\/revisions"}],"wp:attachment":[{"href":"https:\/\/plazajuarez.mx\/historico\/wp-json\/wp\/v2\/media?parent=202949"}],"wp:term":[{"taxonomy":"category","embeddable":true,"href":"https:\/\/plazajuarez.mx\/historico\/wp-json\/wp\/v2\/categories?post=202949"},{"taxonomy":"post_tag","embeddable":true,"href":"https:\/\/plazajuarez.mx\/historico\/wp-json\/wp\/v2\/tags?post=202949"}],"curies":[{"name":"wp","href":"https:\/\/api.w.org\/{rel}","templated":true}]}}