{"id":202945,"date":"2022-02-11T07:03:12","date_gmt":"2022-02-11T13:03:12","guid":{"rendered":"https:\/\/plazajuarez.mx\/?p=202945"},"modified":"2022-02-11T07:03:28","modified_gmt":"2022-02-11T13:03:28","slug":"retratos-hablados-1139","status":"publish","type":"post","link":"https:\/\/plazajuarez.mx\/historico\/retratos-hablados-1139\/","title":{"rendered":"RETRATOS HABLADOS"},"content":{"rendered":"\n<h2 class=\"wp-block-heading\" id=\"sera-de-un-solo-digito-la-ventaja-de-quien\">Ser\u00e1 de un solo d\u00edgito la ventaja de quien gane la elecci\u00f3n de junio<\/h2>\n\n\n\n<p>El cierre de precampa\u00f1as de los tambi\u00e9n precandidatos a la gubernatura de Hidalgo, ha dejado muy en claro que la elecci\u00f3n del mes de junio se decidir\u00e1 con ventaja de un solo d\u00edgito entre los dos principales aspirantes: <strong>Carolina Viggiano<\/strong>, de la alianza PRI-PAN-PRD, y <strong>Julio Menchaca<\/strong>, de Morena. Lo anterior cuando la guerra de encuestas est\u00e1 en su apogeo, pero evidentemente es todav\u00eda mucho tiempo para dar un valor definitivo a cualquier estudio de intenci\u00f3n de voto como el anotado.<\/p>\n\n\n\n<p>Lo cierto es que estamos ante \u201cLa Madre de todas las Elecciones\u201d en la historia de nuestra entidad, y en la que ninguno de los dos personajes puede adelantar victoria alguna, toda vez que ser\u00e1 la campa\u00f1a que arranca el mes de abril, la que defina, paso a paso y sin apresuramientos, si la alternancia se dar\u00e1 en cuanto a partido gobernante, o por el g\u00e9nero de quien llegue a la primera magistratura estatal.<\/p>\n\n\n\n<p>Tanto <strong>Viggiano como Menchaca<\/strong>, para estos momentos ya tienen una radiograf\u00eda muy clara de sus ventajas y desventajas, de sus aciertos y desaciertos, pero fundamentalmente de lo que espera el votante en cuanto a las acciones que tomar\u00e1n para buscar remediar los diferentes problemas que aquejan a la entidad.<\/p>\n\n\n\n<p>Porque es evidente que los equipos que apoyan a los dos principales contendientes ya cuentan con un diagn\u00f3stico profundo y claro, de las carencias de un Estado como Hidalgo, por lo que entender\u00e1n que lo urgente es aportar soluciones y la forma c\u00f3mo habr\u00e1n de aplicarse, los mecanismos y por lo tanto recursos econ\u00f3micos.<\/p>\n\n\n\n<p>Sin embargo, el asunto central de la contienda del mes de junio, es que simple y sencillamente no se puede adelantar en ning\u00fan caso, qui\u00e9n se habr\u00e1 de erigir con la victoria, porque es algo que bajo lo cerrada de la competencia se antoja imposible.<\/p>\n\n\n\n<p>Y es que las encuestas un d\u00eda dan amplia ventaja a uno, y al otro d\u00eda al otro, adem\u00e1s que, como es de todos conocido, son una fotograf\u00eda instant\u00e1nea que puede verse modificada en horas. Todav\u00eda es muy temprano para adelantar las v\u00edsperas.<\/p>\n\n\n\n<p>Como quiera, ayer concluyeron las precampa\u00f1as.<\/p>\n\n\n\n<p>Un aspecto que sin duda deber\u00e1 reconocerse, es que ha privado la mesura y ni <strong>Viggiano, ni Menchaca<\/strong>, han optado por la diatriba o la injuria, lo que hace prever campa\u00f1as interesantes, en la que no se tome la opci\u00f3n del espect\u00e1culo sin contenido para agenciarse votos.<\/p>\n\n\n\n<p>Ambos personajes se ven dispuestos a la realizaci\u00f3n de una campa\u00f1a de altura, con todo y que sus seguidores y porristas tal vez impulsen los desencuentros y los discursos furibundos que enardecen al respetable.<\/p>\n\n\n\n<p>Por muchas razones, y ante un clima de radicalizaciones en el pa\u00eds, es deber recurrir al encuentro de la inteligencia y no de los instintos m\u00e1s primitivos del potencial votante, que para estas alturas est\u00e1 cansado de su uso y abuso.<\/p>\n\n\n\n<p>Nada est\u00e1 decidido, y no lo estar\u00e1 seguramente hasta el d\u00eda de los comicios, que ser\u00e1n los m\u00e1s cerrados en toda la historia de Hidalgo.<\/p>\n\n\n\n<p>Por lo mientras, todo indica que ambos aspirantes han optado por presentar al ciudadano no planes, an\u00e1lisis o proyectos, sino soluciones y la forma c\u00f3mo \u00e9stas ser\u00e1n aplicadas.<\/p>\n\n\n\n<p>La historia apenas empieza.<\/p>\n\n\n\n<p>Mil gracias, hasta el pr\u00f3ximo lunes.<\/p>\n\n\n\n<p><a href=\"mailto:jeperalta@plazajuarez.mx\/historico\/historico\">jeperalta@plazajuarez.mx\/historico\/historico<\/a><\/p>\n\n\n\n<p>@JavierEPeralta<\/p>\n","protected":false},"excerpt":{"rendered":"<p>Ser\u00e1 de un solo d\u00edgito la ventaja de quien gane la elecci\u00f3n de junio El cierre de precampa\u00f1as de los tambi\u00e9n precandidatos a la gubernatura de Hidalgo, ha dejado muy en claro que la elecci\u00f3n del mes de junio se decidir\u00e1 con ventaja de un solo d\u00edgito entre los dos principales aspirantes: Carolina Viggiano, de [&hellip;]<\/p>\n","protected":false},"author":10,"featured_media":0,"comment_status":"closed","ping_status":"closed","sticky":false,"template":"","format":"standard","meta":{"footnotes":""},"categories":[49,42],"tags":[],"class_list":["post-202945","post","type-post","status-publish","format-standard","hentry","category-javier-peralta","category-nuestrapalabra"],"_links":{"self":[{"href":"https:\/\/plazajuarez.mx\/historico\/wp-json\/wp\/v2\/posts\/202945","targetHints":{"allow":["GET"]}}],"collection":[{"href":"https:\/\/plazajuarez.mx\/historico\/wp-json\/wp\/v2\/posts"}],"about":[{"href":"https:\/\/plazajuarez.mx\/historico\/wp-json\/wp\/v2\/types\/post"}],"author":[{"embeddable":true,"href":"https:\/\/plazajuarez.mx\/historico\/wp-json\/wp\/v2\/users\/10"}],"replies":[{"embeddable":true,"href":"https:\/\/plazajuarez.mx\/historico\/wp-json\/wp\/v2\/comments?post=202945"}],"version-history":[{"count":0,"href":"https:\/\/plazajuarez.mx\/historico\/wp-json\/wp\/v2\/posts\/202945\/revisions"}],"wp:attachment":[{"href":"https:\/\/plazajuarez.mx\/historico\/wp-json\/wp\/v2\/media?parent=202945"}],"wp:term":[{"taxonomy":"category","embeddable":true,"href":"https:\/\/plazajuarez.mx\/historico\/wp-json\/wp\/v2\/categories?post=202945"},{"taxonomy":"post_tag","embeddable":true,"href":"https:\/\/plazajuarez.mx\/historico\/wp-json\/wp\/v2\/tags?post=202945"}],"curies":[{"name":"wp","href":"https:\/\/api.w.org\/{rel}","templated":true}]}}