{"id":202942,"date":"2022-02-11T07:01:44","date_gmt":"2022-02-11T13:01:44","guid":{"rendered":"https:\/\/plazajuarez.mx\/?p=202942"},"modified":"2022-02-11T07:01:58","modified_gmt":"2022-02-11T13:01:58","slug":"julio-menchaca-se-despidio-del-senado-buscara-la-gubernatura","status":"publish","type":"post","link":"https:\/\/plazajuarez.mx\/historico\/julio-menchaca-se-despidio-del-senado-buscara-la-gubernatura\/","title":{"rendered":"Julio Menchaca se despidi\u00f3 del Senado, buscar\u00e1 la gubernatura"},"content":{"rendered":"\n<p>Las senadoras y senadores de los diferentes partidos pol\u00edticos reconocieron el trabajo realizado por Menchaca Salazar durante tres a\u00f1os como legislador<\/p>\n\n\n\n<p>El pleno del Senado de la Rep\u00fablica aprob\u00f3 otorgarle la licencia de Julio Menchaca Salazar, quien contender\u00e1 por la gubernatura del estado de Hidalgo en los pr\u00f3ximos meses.<\/p>\n\n\n\n<p>M\u00e1s de 30 oradores y oradoras pertenecientes a las diferentes expresiones pol\u00edticas que integran el Senado dedicaron elogios y buenos deseos al hidalguense, de quien reconocieron su labor al frente de la Comisi\u00f3n de Justicia y sus aportaciones a la vida p\u00fablica de M\u00e9xico.&nbsp;&nbsp;&nbsp;<\/p>\n\n\n\n<p>Durante su discurso ante el pleno, Menchaca asegur\u00f3 que es un momento muy emotivo para \u00e9l, pues independientemente de la visi\u00f3n de pa\u00eds y de la plataforma ideol\u00f3gica de cada senador y senadora, dijo creer firmemente en que la coincidencia de buscar lo mejor para M\u00e9xico los debe de unir y les debe permitir trascender como Legislatura.<\/p>\n\n\n\n<p>\u201cHa sido un poco m\u00e1s de tres a\u00f1os en donde me he encontrado con legisladores y legisladoras con gran experiencia, con profundos conocimientos y, sin duda, con puntos de vista distintos; pero en este ejercicio parlamentario hemos logrado concretar decisiones importantes para nuestro pa\u00eds\u201d, afirm\u00f3.<\/p>\n","protected":false},"excerpt":{"rendered":"<p>Las senadoras y senadores de los diferentes partidos pol\u00edticos reconocieron el trabajo realizado por Menchaca Salazar durante tres a\u00f1os como legislador El pleno del Senado de la Rep\u00fablica aprob\u00f3 otorgarle la licencia de Julio Menchaca Salazar, quien contender\u00e1 por la gubernatura del estado de Hidalgo en los pr\u00f3ximos meses. M\u00e1s de 30 oradores y oradoras [&hellip;]<\/p>\n","protected":false},"author":93,"featured_media":202943,"comment_status":"closed","ping_status":"closed","sticky":false,"template":"","format":"standard","meta":{"footnotes":""},"categories":[59,2159],"tags":[],"class_list":["post-202942","post","type-post","status-publish","format-standard","has-post-thumbnail","hentry","category-general","category-noticias-de-hidalgo"],"_links":{"self":[{"href":"https:\/\/plazajuarez.mx\/historico\/wp-json\/wp\/v2\/posts\/202942","targetHints":{"allow":["GET"]}}],"collection":[{"href":"https:\/\/plazajuarez.mx\/historico\/wp-json\/wp\/v2\/posts"}],"about":[{"href":"https:\/\/plazajuarez.mx\/historico\/wp-json\/wp\/v2\/types\/post"}],"author":[{"embeddable":true,"href":"https:\/\/plazajuarez.mx\/historico\/wp-json\/wp\/v2\/users\/93"}],"replies":[{"embeddable":true,"href":"https:\/\/plazajuarez.mx\/historico\/wp-json\/wp\/v2\/comments?post=202942"}],"version-history":[{"count":0,"href":"https:\/\/plazajuarez.mx\/historico\/wp-json\/wp\/v2\/posts\/202942\/revisions"}],"wp:featuredmedia":[{"embeddable":true,"href":"https:\/\/plazajuarez.mx\/historico\/wp-json\/wp\/v2\/media\/202943"}],"wp:attachment":[{"href":"https:\/\/plazajuarez.mx\/historico\/wp-json\/wp\/v2\/media?parent=202942"}],"wp:term":[{"taxonomy":"category","embeddable":true,"href":"https:\/\/plazajuarez.mx\/historico\/wp-json\/wp\/v2\/categories?post=202942"},{"taxonomy":"post_tag","embeddable":true,"href":"https:\/\/plazajuarez.mx\/historico\/wp-json\/wp\/v2\/tags?post=202942"}],"curies":[{"name":"wp","href":"https:\/\/api.w.org\/{rel}","templated":true}]}}